{"id":55864,"date":"2026-02-02T18:12:07","date_gmt":"2026-02-02T18:12:07","guid":{"rendered":"https:\/\/haberbesiktas.tr\/?p=55864"},"modified":"2026-02-02T18:12:07","modified_gmt":"2026-02-02T18:12:07","slug":"galatasarayda-bugun-ayrilik-haberi-bekleniyor","status":"publish","type":"post","link":"https:\/\/haberbesiktas.tr\/?p=55864","title":{"rendered":"Galatasaray&#8217;da bug\u00fcn ayr\u0131l\u0131k haberi bekleniyor"},"content":{"rendered":"<div>Galatasaray&#8217;da Yusuf Demir ile yollar\u0131n ayr\u0131lmas\u0131 g\u00fcndemde&#8230;<\/p>\n<p> Gen\u00e7 futbolcunun temsilcisinin, mukavele feshiyle ilgili g\u00f6r\u00fc\u015fmeler yapmak \u00fczere \u0130stanbul&#8217;a geldi\u011fi \u00f6\u011frenildi.<\/p>\n<p> Sar\u0131-k\u0131rm\u0131z\u0131l\u0131 kul\u00fcp ile oyuncu cephesi ortas\u0131nda y\u00fcr\u00fct\u00fclen temaslarda, fesih ko\u015fullar\u0131n\u0131n ele al\u0131nd\u0131\u011f\u0131 ve taraflar\u0131n kar\u015f\u0131l\u0131kl\u0131 olarak tahlil \u00fcretmeye \u00e7al\u0131\u015ft\u0131\u011f\u0131 belirtildi. G\u00f6r\u00fc\u015fmelerin, k\u0131sa m\u00fcddet i\u00e7inde netlik kazanmas\u0131 bekleniyor. <\/p>\n<p> Galatasaray idaresi ile Yusuf Demir&#8217;in temsilcisi ortas\u0131ndaki m\u00fczakerelerin g\u00fcn i\u00e7inde bitmesi ve oyuncunun h\u00fcr kalaca\u011f\u0131 d\u00fc\u015f\u00fcn\u00fcl\u00fcyor.<\/p>\n<p><span><strong>3.5 SENEDE 26 MA\u00c7A \u00c7IKTI<\/strong><\/span><\/p>\n<p>Galatasaray&#8217;\u0131n Rapid Wien&#8217;den 6 milyon Euro bonservis bedeliyle 2022 yaz\u0131nda transfer etti\u011fi Yusuf, sar\u0131 k\u0131rm\u0131z\u0131l\u0131 formayla 26 ma\u00e7a \u00e7\u0131kt\u0131 ve 2 gol at\u0131p 2 asist yapt\u0131.<\/p>\n<p><strong>YUSUF DEM\u0130R&#8217;\u0130N MENAJER\u0130N\u0130N PAYLA\u015eIMI<\/p>\n<p><img decoding=\"async\" src=\"https:\/\/haberbesiktas.tr\/wp-content\/uploads\/2026\/02\/galatasarayda-bugun-ayrilik-haberi-bekleniyor-0-RdKGXHR2.jpg\"\/><br \/><\/strong><\/p>\n<\/div>\n","protected":false},"excerpt":{"rendered":"<p>Yusuf Demir&#8217;in temsilcisi Galatasaray ile fesih g\u00f6r\u00fc\u015fmeleri yapmak \u00fczere \u0130stanbul&#8217;a geldi.<\/p>\n","protected":false},"author":1,"featured_media":55865,"comment_status":"open","ping_status":"open","sticky":false,"template":"","format":"standard","meta":{"footnotes":""},"categories":[25],"tags":[],"class_list":["post-55864","post","type-post","status-publish","format-standard","has-post-thumbnail","hentry","category-futbol"],"_links":{"self":[{"href":"https:\/\/haberbesiktas.tr\/index.php?rest_route=\/wp\/v2\/posts\/55864","targetHints":{"allow":["GET"]}}],"collection":[{"href":"https:\/\/haberbesiktas.tr\/index.php?rest_route=\/wp\/v2\/posts"}],"about":[{"href":"https:\/\/haberbesiktas.tr\/index.php?rest_route=\/wp\/v2\/types\/post"}],"author":[{"embeddable":true,"href":"https:\/\/haberbesiktas.tr\/index.php?rest_route=\/wp\/v2\/users\/1"}],"replies":[{"embeddable":true,"href":"https:\/\/haberbesiktas.tr\/index.php?rest_route=%2Fwp%2Fv2%2Fcomments&post=55864"}],"version-history":[{"count":1,"href":"https:\/\/haberbesiktas.tr\/index.php?rest_route=\/wp\/v2\/posts\/55864\/revisions"}],"predecessor-version":[{"id":55867,"href":"https:\/\/haberbesiktas.tr\/index.php?rest_route=\/wp\/v2\/posts\/55864\/revisions\/55867"}],"wp:featuredmedia":[{"embeddable":true,"href":"https:\/\/haberbesiktas.tr\/index.php?rest_route=\/wp\/v2\/media\/55865"}],"wp:attachment":[{"href":"https:\/\/haberbesiktas.tr\/index.php?rest_route=%2Fwp%2Fv2%2Fmedia&parent=55864"}],"wp:term":[{"taxonomy":"category","embeddable":true,"href":"https:\/\/haberbesiktas.tr\/index.php?rest_route=%2Fwp%2Fv2%2Fcategories&post=55864"},{"taxonomy":"post_tag","embeddable":true,"href":"https:\/\/haberbesiktas.tr\/index.php?rest_route=%2Fwp%2Fv2%2Ftags&post=55864"}],"curies":[{"name":"wp","href":"https:\/\/api.w.org\/{rel}","templated":true}]}}