{"id":55871,"date":"2026-02-02T18:36:13","date_gmt":"2026-02-02T18:36:13","guid":{"rendered":"https:\/\/haberbesiktas.tr\/?p=55871"},"modified":"2026-02-02T18:36:13","modified_gmt":"2026-02-02T18:36:13","slug":"fenerbahce-yonetiminden-bir-jest-daha","status":"publish","type":"post","link":"https:\/\/haberbesiktas.tr\/?p=55871","title":{"rendered":"Fenerbah\u00e7e y\u00f6netiminden bir jest daha!"},"content":{"rendered":"<div>Kocaelispor ve Fenerbah\u00e7e \u00dcst\u00fcn Lig&#8217;in 20. haftas\u0131n\u0131n kapan\u0131\u015f \u00e7abas\u0131 i\u00e7in kozlar\u0131n\u0131 payla\u015facak.<\/p>\n<p>Kocaeli Stadyumunda saat 20.00&#8217;de ba\u015flayacak \u00e7abada so\u011fuk havan\u0131n tesirli olmas\u0131 bekleniyor.<\/p>\n<p><strong><strong>B\u0130R JEST DAHA<br \/><\/strong><\/strong>Sar\u0131-lacivertli kul\u00fcp, deplasmanda ekiplerini destekleyecek taraftarlar i\u00e7in trib\u00fcnlere sar\u0131 bereler yerle\u015ftirdi. Daha evvel ya\u011fmurluk da\u011f\u0131t\u0131m\u0131yla g\u00fcndeme gelen Fenerbah\u00e7e, bu sefer so\u011fuk hava kaideleri nedeniyle berelerle taraftar\u0131n\u0131 yaln\u0131z b\u0131rakmad\u0131.<\/p>\n<p>Yap\u0131lan bu jest, sar\u0131-lacivertli taraftarlar ortas\u0131nda memnuniyetle kar\u015f\u0131lan\u0131rken toplumsal medyada ise k\u0131sa m\u00fcddette g\u00fcndeme oturdu. <\/p>\n<div>\u00a0<\/div>\n<div>\u00a0<\/div>\n<\/div>\n","protected":false},"excerpt":{"rendered":"<p>Fenerbah\u00e7e idaresi, deplasmanda kar\u015f\u0131la\u015faca\u011f\u0131 Kocaelispor ma\u00e7\u0131 \u00f6ncesinde taraftar\u0131 i\u00e7in trib\u00fcne sar\u0131 bereler b\u0131rakt\u0131.<\/p>\n","protected":false},"author":1,"featured_media":55872,"comment_status":"open","ping_status":"open","sticky":false,"template":"","format":"standard","meta":{"footnotes":""},"categories":[25],"tags":[],"class_list":["post-55871","post","type-post","status-publish","format-standard","has-post-thumbnail","hentry","category-futbol"],"_links":{"self":[{"href":"https:\/\/haberbesiktas.tr\/index.php?rest_route=\/wp\/v2\/posts\/55871","targetHints":{"allow":["GET"]}}],"collection":[{"href":"https:\/\/haberbesiktas.tr\/index.php?rest_route=\/wp\/v2\/posts"}],"about":[{"href":"https:\/\/haberbesiktas.tr\/index.php?rest_route=\/wp\/v2\/types\/post"}],"author":[{"embeddable":true,"href":"https:\/\/haberbesiktas.tr\/index.php?rest_route=\/wp\/v2\/users\/1"}],"replies":[{"embeddable":true,"href":"https:\/\/haberbesiktas.tr\/index.php?rest_route=%2Fwp%2Fv2%2Fcomments&post=55871"}],"version-history":[{"count":1,"href":"https:\/\/haberbesiktas.tr\/index.php?rest_route=\/wp\/v2\/posts\/55871\/revisions"}],"predecessor-version":[{"id":55873,"href":"https:\/\/haberbesiktas.tr\/index.php?rest_route=\/wp\/v2\/posts\/55871\/revisions\/55873"}],"wp:featuredmedia":[{"embeddable":true,"href":"https:\/\/haberbesiktas.tr\/index.php?rest_route=\/wp\/v2\/media\/55872"}],"wp:attachment":[{"href":"https:\/\/haberbesiktas.tr\/index.php?rest_route=%2Fwp%2Fv2%2Fmedia&parent=55871"}],"wp:term":[{"taxonomy":"category","embeddable":true,"href":"https:\/\/haberbesiktas.tr\/index.php?rest_route=%2Fwp%2Fv2%2Fcategories&post=55871"},{"taxonomy":"post_tag","embeddable":true,"href":"https:\/\/haberbesiktas.tr\/index.php?rest_route=%2Fwp%2Fv2%2Ftags&post=55871"}],"curies":[{"name":"wp","href":"https:\/\/api.w.org\/{rel}","templated":true}]}}