{"id":55874,"date":"2026-02-02T18:48:05","date_gmt":"2026-02-02T18:48:05","guid":{"rendered":"https:\/\/haberbesiktas.tr\/?p=55874"},"modified":"2026-02-02T18:48:05","modified_gmt":"2026-02-02T18:48:05","slug":"milli-hentbolcular-romanyayi-gecerse-rakip-norvec","status":"publish","type":"post","link":"https:\/\/haberbesiktas.tr\/?p=55874","title":{"rendered":"Milli hentbolcular, Romanya&#8217;y\u0131 ge\u00e7erse rakip Norve\u00e7"},"content":{"rendered":"<div>\n<div><span>A Ulusal Erkek Hentbol Kadrosu, 2027 D\u00fcnya \u015eampiyonas\u0131 Avrupa Elemelerinde Romanya p\u00fcr\u00fcz\u00fcn\u00fc ge\u00e7mesi durumunda 3. t\u0131pta Norve\u00e7 ile gayret edecek.<\/span><\/div>\n<\/p><\/div>\n<div>\n<div> K\u0131br\u0131s Rum K\u0131sm\u0131&#8217;n\u0131 iki ma\u00e7ta da yenen ulusal grup, 2. eleme cinsinde 2026 Avrupa \u015eampiyonas\u0131 B Grubu&#8217;nu son s\u0131rada tamamlayan Romanya ile e\u015fle\u015fmi\u015fti.<\/p>\n<p> T\u00fcrkiye, 2. t\u0131pta birinci ma\u00e7\u0131n\u0131 19 Mart&#8217;ta alan\u0131nda, r\u00f6van\u015f m\u00fcsabakas\u0131n\u0131 ise 22 Mart&#8217;ta Romanya&#8217;da oynayacak.<\/p>\n<p> T\u00fcrkiye Hentbol Federasyonunun a\u00e7\u0131klamas\u0131na nazaran bu e\u015fle\u015fmeyi kazanan kadro, 2027 D\u00fcnya \u015eampiyonas\u0131 3. eleme \u00e7e\u015fidinde Norve\u00e7&#8217;in rakibi olacak. Bu \u00e7e\u015fitteki ma\u00e7lar ise 13-14 May\u0131s ve 16-17 May\u0131s tarihlerinde yap\u0131lacak.<\/p><\/div>\n<\/p><\/div>\n","protected":false},"excerpt":{"rendered":"<p>A Ulusal Erkek Hentbol Kadrosu, 2027 D\u00fcnya \u015eampiyonas\u0131 Avrupa Elemeleri&#8217;nde Romanya&#8217;y\u0131 elemesi durumunda Norve\u00e7 ile kar\u015f\u0131la\u015facak<\/p>\n","protected":false},"author":1,"featured_media":55875,"comment_status":"open","ping_status":"open","sticky":false,"template":"","format":"standard","meta":{"footnotes":""},"categories":[27],"tags":[],"class_list":["post-55874","post","type-post","status-publish","format-standard","has-post-thumbnail","hentry","category-guncel-haberler"],"_links":{"self":[{"href":"https:\/\/haberbesiktas.tr\/index.php?rest_route=\/wp\/v2\/posts\/55874","targetHints":{"allow":["GET"]}}],"collection":[{"href":"https:\/\/haberbesiktas.tr\/index.php?rest_route=\/wp\/v2\/posts"}],"about":[{"href":"https:\/\/haberbesiktas.tr\/index.php?rest_route=\/wp\/v2\/types\/post"}],"author":[{"embeddable":true,"href":"https:\/\/haberbesiktas.tr\/index.php?rest_route=\/wp\/v2\/users\/1"}],"replies":[{"embeddable":true,"href":"https:\/\/haberbesiktas.tr\/index.php?rest_route=%2Fwp%2Fv2%2Fcomments&post=55874"}],"version-history":[{"count":1,"href":"https:\/\/haberbesiktas.tr\/index.php?rest_route=\/wp\/v2\/posts\/55874\/revisions"}],"predecessor-version":[{"id":55876,"href":"https:\/\/haberbesiktas.tr\/index.php?rest_route=\/wp\/v2\/posts\/55874\/revisions\/55876"}],"wp:featuredmedia":[{"embeddable":true,"href":"https:\/\/haberbesiktas.tr\/index.php?rest_route=\/wp\/v2\/media\/55875"}],"wp:attachment":[{"href":"https:\/\/haberbesiktas.tr\/index.php?rest_route=%2Fwp%2Fv2%2Fmedia&parent=55874"}],"wp:term":[{"taxonomy":"category","embeddable":true,"href":"https:\/\/haberbesiktas.tr\/index.php?rest_route=%2Fwp%2Fv2%2Fcategories&post=55874"},{"taxonomy":"post_tag","embeddable":true,"href":"https:\/\/haberbesiktas.tr\/index.php?rest_route=%2Fwp%2Fv2%2Ftags&post=55874"}],"curies":[{"name":"wp","href":"https:\/\/api.w.org\/{rel}","templated":true}]}}