{"id":55886,"date":"2026-02-02T19:36:05","date_gmt":"2026-02-02T19:36:05","guid":{"rendered":"https:\/\/haberbesiktas.tr\/?p=55886"},"modified":"2026-02-02T19:36:05","modified_gmt":"2026-02-02T19:36:05","slug":"blackburnda-valerien-ismael-donemi-bitti-ilk-aday-dikkat-cekti","status":"publish","type":"post","link":"https:\/\/haberbesiktas.tr\/?p=55886","title":{"rendered":"Blackburn&#8217;da Valerien Ismael d\u00f6nemi bitti! \u0130lk aday dikkat \u00e7ekti"},"content":{"rendered":"<div>\n<p>\u0130ngiltere Championship tak\u0131mlar\u0131ndan Blackburn Rovers, teknik direkt\u00f6r<strong> Valerien Ismael<\/strong> ile kar\u015f\u0131l\u0131kl\u0131 muahede yoluyla yollar\u0131n ayr\u0131ld\u0131\u011f\u0131n\u0131 a\u00e7\u0131klad\u0131.<\/p>\n<p> Bu s\u00fcre\u00e7te Ismael&#8217;in yard\u0131mc\u0131l\u0131\u011f\u0131n\u0131 yapan Dean Whitehead&#8217;in de teknik tak\u0131mdan ayr\u0131ld\u0131\u011f\u0131 duyuruldu. Kul\u00fcp a\u00e7\u0131klamas\u0131nda, Ismael ve Whitehead&#8217;e verdikleri emekler i\u00e7in te\u015fekk\u00fcr edilerek mesleklerinin devam\u0131nda muvaffakiyet dilekleri iletildi.<\/p>\n<p> <strong>BILIC \u00d6NE S\u00dcR\u00dcLD\u00dc<\/strong> <\/p>\n<p> Kul\u00fcbe yak\u0131n kaynaklara nazaran Blackburn Rovers&#8217;ta teknik y\u00f6neticilik koltu\u011fu i\u00e7in <strong>Slaven Bilic<\/strong> ismi \u00f6ne s\u00fcr\u00fcld\u00fc. Daha evvel Premier League ve Championship deneyimi bulunan H\u0131rvat teknik adam\u0131n, adaylar ortas\u0131nda dikkat \u00e7eken isimlerden biri oldu\u011fu s\u00f6z ediliyor.<\/p>\n<p><strong>PERFORMANSI<\/strong><\/p>\n<p><span>Championship ekibinini ba\u015f\u0131nda 43 ma\u00e7a \u00e7\u0131kan Frans\u0131z teknik adam 11 galibiyet, 11 beraberlik ve 21 hezimet ald\u0131. Valerien Ismael ma\u00e7 ba\u015f\u0131na 1.02 puan ortalamas\u0131 yakalayabildi.<\/span><\/p>\n<\/div>\n","protected":false},"excerpt":{"rendered":"<p>\u0130ngiltere Championship grubu Blackburn Rovers, Valerien Ismael ile yollar\u0131n\u0131 ay\u0131r\u0131rken teknik y\u00f6neticilik i\u00e7in Slaven Bilic ismi g\u00fcndeme geldi.<\/p>\n","protected":false},"author":1,"featured_media":55887,"comment_status":"open","ping_status":"open","sticky":false,"template":"","format":"standard","meta":{"footnotes":""},"categories":[25],"tags":[351],"class_list":["post-55886","post","type-post","status-publish","format-standard","has-post-thumbnail","hentry","category-futbol","tag-teknik"],"_links":{"self":[{"href":"https:\/\/haberbesiktas.tr\/index.php?rest_route=\/wp\/v2\/posts\/55886","targetHints":{"allow":["GET"]}}],"collection":[{"href":"https:\/\/haberbesiktas.tr\/index.php?rest_route=\/wp\/v2\/posts"}],"about":[{"href":"https:\/\/haberbesiktas.tr\/index.php?rest_route=\/wp\/v2\/types\/post"}],"author":[{"embeddable":true,"href":"https:\/\/haberbesiktas.tr\/index.php?rest_route=\/wp\/v2\/users\/1"}],"replies":[{"embeddable":true,"href":"https:\/\/haberbesiktas.tr\/index.php?rest_route=%2Fwp%2Fv2%2Fcomments&post=55886"}],"version-history":[{"count":1,"href":"https:\/\/haberbesiktas.tr\/index.php?rest_route=\/wp\/v2\/posts\/55886\/revisions"}],"predecessor-version":[{"id":55888,"href":"https:\/\/haberbesiktas.tr\/index.php?rest_route=\/wp\/v2\/posts\/55886\/revisions\/55888"}],"wp:featuredmedia":[{"embeddable":true,"href":"https:\/\/haberbesiktas.tr\/index.php?rest_route=\/wp\/v2\/media\/55887"}],"wp:attachment":[{"href":"https:\/\/haberbesiktas.tr\/index.php?rest_route=%2Fwp%2Fv2%2Fmedia&parent=55886"}],"wp:term":[{"taxonomy":"category","embeddable":true,"href":"https:\/\/haberbesiktas.tr\/index.php?rest_route=%2Fwp%2Fv2%2Fcategories&post=55886"},{"taxonomy":"post_tag","embeddable":true,"href":"https:\/\/haberbesiktas.tr\/index.php?rest_route=%2Fwp%2Fv2%2Ftags&post=55886"}],"curies":[{"name":"wp","href":"https:\/\/api.w.org\/{rel}","templated":true}]}}