{"id":55889,"date":"2026-02-02T19:48:06","date_gmt":"2026-02-02T19:48:06","guid":{"rendered":"https:\/\/haberbesiktas.tr\/?p=55889"},"modified":"2026-02-02T19:48:06","modified_gmt":"2026-02-02T19:48:06","slug":"4-subat-kupa-maci-hakemleri","status":"publish","type":"post","link":"https:\/\/haberbesiktas.tr\/?p=55889","title":{"rendered":"4 \u015eubat Kupa ma\u00e7\u0131 hakemleri"},"content":{"rendered":"<div>\n<div>\n<div><span>T\u00fcrkiye Kupas\u0131 k\u00fcmelerinde 4 \u015eubat \u00c7ar\u015famba g\u00fcn\u00fc oynanacak 4 kar\u015f\u0131la\u015fman\u0131n hakemleri a\u015fik\u00e2r oldu.<\/span><\/div>\n<\/p><\/div>\n<div>\n<div> T\u00fcrkiye Futbol Federasyonu Merkez Hakem Heyetinin a\u00e7\u0131klamas\u0131na nazaran 4 \u015eubat \u00c7ar\u015famba g\u00fcn\u00fc yap\u0131lacak m\u00fcsabakalarda vazife yapacak hakemler \u015f\u00f6yle:<\/p>\n<p> 13.00 Boluspor-Corendon Alanyaspor: Ayberk Demirba\u015f<\/p>\n<p> 15.30 M\u0131s\u0131rl\u0131.com.tr Fatih Karag\u00fcmr\u00fck-RAMS Ba\u015fak\u015fehir: \u00c7a\u011fda\u015f Altay<\/p>\n<p> 18.00 Gen\u00e7lerbirli\u011fi-ikas Ey\u00fcpspor: Abdullah Bu\u011fra Ta\u015fk\u0131nsoy<\/p>\n<p> 20.30 Galatasaray-\u0130stanbulspor: Re\u015fat Onur Co\u015fkunses<\/p>\n<div>\u00a0<\/div>\n<\/p><\/div>\n<div>\u00a0<\/div>\n<\/p><\/div>\n<\/div>\n","protected":false},"excerpt":{"rendered":"<p>T\u00fcrkiye Kupas\u0131&#8217;nda 4 \u015eubat&#8217;ta oynanacak ma\u00e7lar\u0131n hakemleri a\u00e7\u0131kland\u0131<\/p>\n","protected":false},"author":1,"featured_media":55890,"comment_status":"open","ping_status":"open","sticky":false,"template":"","format":"standard","meta":{"footnotes":""},"categories":[25],"tags":[],"class_list":["post-55889","post","type-post","status-publish","format-standard","has-post-thumbnail","hentry","category-futbol"],"_links":{"self":[{"href":"https:\/\/haberbesiktas.tr\/index.php?rest_route=\/wp\/v2\/posts\/55889","targetHints":{"allow":["GET"]}}],"collection":[{"href":"https:\/\/haberbesiktas.tr\/index.php?rest_route=\/wp\/v2\/posts"}],"about":[{"href":"https:\/\/haberbesiktas.tr\/index.php?rest_route=\/wp\/v2\/types\/post"}],"author":[{"embeddable":true,"href":"https:\/\/haberbesiktas.tr\/index.php?rest_route=\/wp\/v2\/users\/1"}],"replies":[{"embeddable":true,"href":"https:\/\/haberbesiktas.tr\/index.php?rest_route=%2Fwp%2Fv2%2Fcomments&post=55889"}],"version-history":[{"count":1,"href":"https:\/\/haberbesiktas.tr\/index.php?rest_route=\/wp\/v2\/posts\/55889\/revisions"}],"predecessor-version":[{"id":55891,"href":"https:\/\/haberbesiktas.tr\/index.php?rest_route=\/wp\/v2\/posts\/55889\/revisions\/55891"}],"wp:featuredmedia":[{"embeddable":true,"href":"https:\/\/haberbesiktas.tr\/index.php?rest_route=\/wp\/v2\/media\/55890"}],"wp:attachment":[{"href":"https:\/\/haberbesiktas.tr\/index.php?rest_route=%2Fwp%2Fv2%2Fmedia&parent=55889"}],"wp:term":[{"taxonomy":"category","embeddable":true,"href":"https:\/\/haberbesiktas.tr\/index.php?rest_route=%2Fwp%2Fv2%2Fcategories&post=55889"},{"taxonomy":"post_tag","embeddable":true,"href":"https:\/\/haberbesiktas.tr\/index.php?rest_route=%2Fwp%2Fv2%2Ftags&post=55889"}],"curies":[{"name":"wp","href":"https:\/\/api.w.org\/{rel}","templated":true}]}}