{"id":55986,"date":"2026-02-03T01:48:07","date_gmt":"2026-02-03T01:48:07","guid":{"rendered":"https:\/\/haberbesiktas.tr\/?p=55986"},"modified":"2026-02-03T01:48:07","modified_gmt":"2026-02-03T01:48:07","slug":"fenerbahceden-lig-tarihinde-bir-ilk","status":"publish","type":"post","link":"https:\/\/haberbesiktas.tr\/?p=55986","title":{"rendered":"Fenerbah\u00e7e&#8217;den lig tarihinde bir ilk!"},"content":{"rendered":"<div>S\u00fcper Lig&#8217;in 20. haftas\u0131nda Fenerbah\u00e7e, Kocaelispor&#8217;u deplasmanda 2-0 ma\u011flup etti.<\/p>\n<p> Sar\u0131-lacivertliler, bu galibiyetle birlikte bir birincisi de ya\u015fad\u0131.<\/p>\n<p> Kocaelispor&#8217;u 2-0 ma\u011flup eden Fenerbah\u00e7e, lig tarihinde birinci kere bu deplasmanda \u00fcst \u00fcste \u00fc\u00e7 galibiyet ald\u0131.<\/p>\n<p> <strong>Fenerbah\u00e7e&#8217;nin o serisi:<\/strong><\/p>\n<p> 2-0 (\u015eubat 2026)<br \/>3-2 (Ekim 2008)<br \/>2-1 (Kas\u0131m 2002)<\/p>\n<p> <strong>20 YIL SONRA NAMA\u011eLUP<\/strong><\/p>\n<p> Fenerbah\u00e7e, ayr\u0131yeten 20 y\u0131l sonra birinci kez S\u00fcper Lig&#8217;de birinci 20 haftay\u0131 nama\u011flup bitirdi.<\/p>\n<\/div>\n","protected":false},"excerpt":{"rendered":"<p>Kocaelispor&#8217;u 2-0 ma\u011flup eden Fenerbah\u00e7e, lig tarihinde birinci kere bu deplasmanda \u00fcst \u00fcste \u00fc\u00e7 galibiyet ald\u0131.<\/p>\n","protected":false},"author":1,"featured_media":55987,"comment_status":"open","ping_status":"open","sticky":false,"template":"","format":"standard","meta":{"footnotes":""},"categories":[25],"tags":[],"class_list":["post-55986","post","type-post","status-publish","format-standard","has-post-thumbnail","hentry","category-futbol"],"_links":{"self":[{"href":"https:\/\/haberbesiktas.tr\/index.php?rest_route=\/wp\/v2\/posts\/55986","targetHints":{"allow":["GET"]}}],"collection":[{"href":"https:\/\/haberbesiktas.tr\/index.php?rest_route=\/wp\/v2\/posts"}],"about":[{"href":"https:\/\/haberbesiktas.tr\/index.php?rest_route=\/wp\/v2\/types\/post"}],"author":[{"embeddable":true,"href":"https:\/\/haberbesiktas.tr\/index.php?rest_route=\/wp\/v2\/users\/1"}],"replies":[{"embeddable":true,"href":"https:\/\/haberbesiktas.tr\/index.php?rest_route=%2Fwp%2Fv2%2Fcomments&post=55986"}],"version-history":[{"count":1,"href":"https:\/\/haberbesiktas.tr\/index.php?rest_route=\/wp\/v2\/posts\/55986\/revisions"}],"predecessor-version":[{"id":55988,"href":"https:\/\/haberbesiktas.tr\/index.php?rest_route=\/wp\/v2\/posts\/55986\/revisions\/55988"}],"wp:featuredmedia":[{"embeddable":true,"href":"https:\/\/haberbesiktas.tr\/index.php?rest_route=\/wp\/v2\/media\/55987"}],"wp:attachment":[{"href":"https:\/\/haberbesiktas.tr\/index.php?rest_route=%2Fwp%2Fv2%2Fmedia&parent=55986"}],"wp:term":[{"taxonomy":"category","embeddable":true,"href":"https:\/\/haberbesiktas.tr\/index.php?rest_route=%2Fwp%2Fv2%2Fcategories&post=55986"},{"taxonomy":"post_tag","embeddable":true,"href":"https:\/\/haberbesiktas.tr\/index.php?rest_route=%2Fwp%2Fv2%2Ftags&post=55986"}],"curies":[{"name":"wp","href":"https:\/\/api.w.org\/{rel}","templated":true}]}}