{"id":55995,"date":"2026-02-03T02:24:08","date_gmt":"2026-02-03T02:24:08","guid":{"rendered":"https:\/\/haberbesiktas.tr\/?p=55995"},"modified":"2026-02-03T02:24:08","modified_gmt":"2026-02-03T02:24:08","slug":"semedo-mental-ve-fiziksel-olarak-hazirdik","status":"publish","type":"post","link":"https:\/\/haberbesiktas.tr\/?p=55995","title":{"rendered":"Semedo: &#8220;Mental ve fiziksel olarak haz\u0131rd\u0131k&#8221;"},"content":{"rendered":"<div>\n<div>Fenerbah\u00e7e, Kocaelispor&#8217;u deplasmanda 2-0 ma\u011flup etti.<\/div>\n<div>\u00a0<\/div>\n<div>Ma\u00e7\u0131n akabinde sar\u0131-lacivertlilerin Portekizli sa\u011f beki Nelson Semedo, a\u00e7\u0131klamalarda bulundu.<\/div>\n<div>\u00a0<\/div>\n<div>\n<div>Kocaelispor&#8217;dan \u00f6vg\u00fcyle bahseden Semedo, <strong>&#8220;Harika bir galibiyet elde etti\u011fimizi s\u00f6ylemek istiyorum. Kolay bir ma\u00e7 olmayaca\u011f\u0131n\u0131 biliyorduk. G\u00fczel bir ekip ve uygun haz\u0131rlanm\u0131\u015f bir gruba kar\u015f\u0131 oynad\u0131k. Taraftarlar\u0131 da bana nazaran d\u00fczg\u00fcn bir takviye verdi, bizim taraftar\u0131m\u0131z da harikulade dayanak g\u00f6sterdi bug\u00fcn. Her vakit bizimleler. Onlara te\u015fekk\u00fcr ederim. S\u0131k\u0131nt\u0131 olaca\u011f\u0131n\u0131 biliyorduk ancak mental ve fizik\u00ee olarak haz\u0131rd\u0131k. Herkes katk\u0131 sa\u011flad\u0131. Sonu\u00e7tan \u00f6t\u00fcr\u00fc \u00e7ok memnunum, memnunuz. Daha uygunu i\u00e7in \u00e7al\u0131\u015fmalar\u0131m\u0131z\u0131 s\u00fcrd\u00fcrece\u011fiz.&#8221;<\/strong> dedi.<\/div>\n<\/p><\/div>\n<div>\u00a0<\/div>\n<\/p><\/div>\n","protected":false},"excerpt":{"rendered":"<p>Fenerbah\u00e7e&#8217;nin Kocaelispor&#8217;u deplasmanda 2-0 ma\u011flup etti\u011fi m\u00fcsabakan\u0131n akabinde Nelson Semedo a\u00e7\u0131klamalarda bulundu.<\/p>\n","protected":false},"author":1,"featured_media":55996,"comment_status":"open","ping_status":"open","sticky":false,"template":"","format":"standard","meta":{"footnotes":""},"categories":[25],"tags":[],"class_list":["post-55995","post","type-post","status-publish","format-standard","has-post-thumbnail","hentry","category-futbol"],"_links":{"self":[{"href":"https:\/\/haberbesiktas.tr\/index.php?rest_route=\/wp\/v2\/posts\/55995","targetHints":{"allow":["GET"]}}],"collection":[{"href":"https:\/\/haberbesiktas.tr\/index.php?rest_route=\/wp\/v2\/posts"}],"about":[{"href":"https:\/\/haberbesiktas.tr\/index.php?rest_route=\/wp\/v2\/types\/post"}],"author":[{"embeddable":true,"href":"https:\/\/haberbesiktas.tr\/index.php?rest_route=\/wp\/v2\/users\/1"}],"replies":[{"embeddable":true,"href":"https:\/\/haberbesiktas.tr\/index.php?rest_route=%2Fwp%2Fv2%2Fcomments&post=55995"}],"version-history":[{"count":1,"href":"https:\/\/haberbesiktas.tr\/index.php?rest_route=\/wp\/v2\/posts\/55995\/revisions"}],"predecessor-version":[{"id":55997,"href":"https:\/\/haberbesiktas.tr\/index.php?rest_route=\/wp\/v2\/posts\/55995\/revisions\/55997"}],"wp:featuredmedia":[{"embeddable":true,"href":"https:\/\/haberbesiktas.tr\/index.php?rest_route=\/wp\/v2\/media\/55996"}],"wp:attachment":[{"href":"https:\/\/haberbesiktas.tr\/index.php?rest_route=%2Fwp%2Fv2%2Fmedia&parent=55995"}],"wp:term":[{"taxonomy":"category","embeddable":true,"href":"https:\/\/haberbesiktas.tr\/index.php?rest_route=%2Fwp%2Fv2%2Fcategories&post=55995"},{"taxonomy":"post_tag","embeddable":true,"href":"https:\/\/haberbesiktas.tr\/index.php?rest_route=%2Fwp%2Fv2%2Ftags&post=55995"}],"curies":[{"name":"wp","href":"https:\/\/api.w.org\/{rel}","templated":true}]}}