{"id":55998,"date":"2026-02-03T02:36:05","date_gmt":"2026-02-03T02:36:05","guid":{"rendered":"https:\/\/haberbesiktas.tr\/?p=55998"},"modified":"2026-02-03T02:36:05","modified_gmt":"2026-02-03T02:36:05","slug":"marco-asensiodan-kocaelispora-attigi-gol-icin-aciklama","status":"publish","type":"post","link":"https:\/\/haberbesiktas.tr\/?p=55998","title":{"rendered":"Marco Asensio&#8217;dan Kocaelispor&#8217;a att\u0131\u011f\u0131 gol i\u00e7in a\u00e7\u0131klama"},"content":{"rendered":"<div>Fenerbah\u00e7e&#8217;nin y\u0131ld\u0131z isimlerinden Marco Asensio, m\u00fckemmel bir gol att\u0131\u011f\u0131 Kocaelispor ma\u00e7\u0131 sonras\u0131 a\u00e7\u0131klamalarda bulundu.<\/p>\n<p> &#8220;Rize&#8217;deki gol m\u00fc, buradaki gol m\u00fc daha ho\u015f kendisine nazaran?&#8221; sorusunu yan\u0131tlayan Marco Asensio <strong>&#8220;Bana nazaran de buradaki gol daha ho\u015ftu. Benim i\u00e7in en k\u0131ymetli gol\u00fcm, son att\u0131\u011f\u0131m gold\u00fcr. G\u00fc\u00e7 bir stadyumda oynad\u0131k, yeterli bir kadroya kar\u015f\u0131 oynad\u0131k. \u00c2l\u00e2 bir 3 puan ald\u0131k ve sava\u015fmaya devam edece\u011fiz.<\/strong>&#8221; dedi.<\/p>\n<p> \u015eampiyonlukla ilgili konu\u015fan Marco Asensio &#8220;<strong>Girdi\u011fimiz durumlar\u0131 de\u011ferlendirmenin \u00e7ok k\u0131ymetli oldu\u011funu biliyorduk. Bunu da ba\u015fard\u0131k. Grup olarak \u00e2l\u00e2 gayret ettik. 3 puan i\u00e7in memnunuz. Sene sonundaki amac\u0131m\u0131z i\u00e7in sava\u015fmaya devam edece\u011fiz.<\/strong>&#8221; tabirlerini kulland\u0131. <\/p>\n<\/div>\n","protected":false},"excerpt":{"rendered":"<p>Fenerbah\u00e7eli Marco Asensio, Kocaelispor ma\u00e7\u0131 sonras\u0131 konu\u015ftu. \u0130\u015fte Asensio&#8217;nun kelamlar\u0131&#8230;<\/p>\n","protected":false},"author":1,"featured_media":55999,"comment_status":"open","ping_status":"open","sticky":false,"template":"","format":"standard","meta":{"footnotes":""},"categories":[25],"tags":[77],"class_list":["post-55998","post","type-post","status-publish","format-standard","has-post-thumbnail","hentry","category-futbol","tag-gol"],"_links":{"self":[{"href":"https:\/\/haberbesiktas.tr\/index.php?rest_route=\/wp\/v2\/posts\/55998","targetHints":{"allow":["GET"]}}],"collection":[{"href":"https:\/\/haberbesiktas.tr\/index.php?rest_route=\/wp\/v2\/posts"}],"about":[{"href":"https:\/\/haberbesiktas.tr\/index.php?rest_route=\/wp\/v2\/types\/post"}],"author":[{"embeddable":true,"href":"https:\/\/haberbesiktas.tr\/index.php?rest_route=\/wp\/v2\/users\/1"}],"replies":[{"embeddable":true,"href":"https:\/\/haberbesiktas.tr\/index.php?rest_route=%2Fwp%2Fv2%2Fcomments&post=55998"}],"version-history":[{"count":1,"href":"https:\/\/haberbesiktas.tr\/index.php?rest_route=\/wp\/v2\/posts\/55998\/revisions"}],"predecessor-version":[{"id":56000,"href":"https:\/\/haberbesiktas.tr\/index.php?rest_route=\/wp\/v2\/posts\/55998\/revisions\/56000"}],"wp:featuredmedia":[{"embeddable":true,"href":"https:\/\/haberbesiktas.tr\/index.php?rest_route=\/wp\/v2\/media\/55999"}],"wp:attachment":[{"href":"https:\/\/haberbesiktas.tr\/index.php?rest_route=%2Fwp%2Fv2%2Fmedia&parent=55998"}],"wp:term":[{"taxonomy":"category","embeddable":true,"href":"https:\/\/haberbesiktas.tr\/index.php?rest_route=%2Fwp%2Fv2%2Fcategories&post=55998"},{"taxonomy":"post_tag","embeddable":true,"href":"https:\/\/haberbesiktas.tr\/index.php?rest_route=%2Fwp%2Fv2%2Ftags&post=55998"}],"curies":[{"name":"wp","href":"https:\/\/api.w.org\/{rel}","templated":true}]}}