{"id":56004,"date":"2026-02-03T03:00:07","date_gmt":"2026-02-03T03:00:07","guid":{"rendered":"https:\/\/haberbesiktas.tr\/?p=56004"},"modified":"2026-02-03T03:00:07","modified_gmt":"2026-02-03T03:00:07","slug":"fenerbahceden-ngolo-kante-icin-aciklama","status":"publish","type":"post","link":"https:\/\/haberbesiktas.tr\/?p=56004","title":{"rendered":"Fenerbah\u00e7e&#8217;den N&#8217;Golo Kante i\u00e7in a\u00e7\u0131klama!"},"content":{"rendered":"<div>Fenerbah\u00e7e Y\u00f6netim Kurulu \u00dcyesi Ali G\u00fcrb\u00fcz, N&#8217;Golo Kante transferiyle ilgili a\u00e7\u0131klama yapt\u0131.<\/p>\n<p> Kocaelispor ma\u00e7\u0131 sonras\u0131 transfer sorusuna cevap veren Ali G\u00fcrb\u00fcz &#8220;<strong>3 transferimiz olmu\u015ftu. Vaktimiz az. \u00d6b\u00fcr eksiklerimizi de 1-2 g\u00fcn i\u00e7inde tamamlamay\u0131 d\u00fc\u015f\u00fcn\u00fcyoruz. Kante transferinde \u015fu an bir sorun yok. 1-2 g\u00fcn i\u00e7inde hepsini a\u00e7\u0131klayaca\u011f\u0131z. Sonu\u00e7ta liste bildirmemiz gerekiyor.<\/strong>&#8221; tabirlerini kulland\u0131.<\/p>\n<p> Sar\u0131-lacivertli y\u00f6netici ayr\u0131yeten &#8220;<strong>Sezon sonunda biz \u015fampiyon olaca\u011f\u0131z.<\/strong>&#8221; a\u00e7\u0131klamas\u0131n\u0131 yapt\u0131.<\/p>\n<\/div>\n","protected":false},"excerpt":{"rendered":"<p>Fenerbah\u00e7e Y\u00f6netim Kurulu \u00dcyesi Ali G\u00fcrb\u00fcz, N&#8217;Golo Kante i\u00e7in konu\u015ftu.<\/p>\n","protected":false},"author":1,"featured_media":56005,"comment_status":"open","ping_status":"open","sticky":false,"template":"","format":"standard","meta":{"footnotes":""},"categories":[25],"tags":[],"class_list":["post-56004","post","type-post","status-publish","format-standard","has-post-thumbnail","hentry","category-futbol"],"_links":{"self":[{"href":"https:\/\/haberbesiktas.tr\/index.php?rest_route=\/wp\/v2\/posts\/56004","targetHints":{"allow":["GET"]}}],"collection":[{"href":"https:\/\/haberbesiktas.tr\/index.php?rest_route=\/wp\/v2\/posts"}],"about":[{"href":"https:\/\/haberbesiktas.tr\/index.php?rest_route=\/wp\/v2\/types\/post"}],"author":[{"embeddable":true,"href":"https:\/\/haberbesiktas.tr\/index.php?rest_route=\/wp\/v2\/users\/1"}],"replies":[{"embeddable":true,"href":"https:\/\/haberbesiktas.tr\/index.php?rest_route=%2Fwp%2Fv2%2Fcomments&post=56004"}],"version-history":[{"count":1,"href":"https:\/\/haberbesiktas.tr\/index.php?rest_route=\/wp\/v2\/posts\/56004\/revisions"}],"predecessor-version":[{"id":56006,"href":"https:\/\/haberbesiktas.tr\/index.php?rest_route=\/wp\/v2\/posts\/56004\/revisions\/56006"}],"wp:featuredmedia":[{"embeddable":true,"href":"https:\/\/haberbesiktas.tr\/index.php?rest_route=\/wp\/v2\/media\/56005"}],"wp:attachment":[{"href":"https:\/\/haberbesiktas.tr\/index.php?rest_route=%2Fwp%2Fv2%2Fmedia&parent=56004"}],"wp:term":[{"taxonomy":"category","embeddable":true,"href":"https:\/\/haberbesiktas.tr\/index.php?rest_route=%2Fwp%2Fv2%2Fcategories&post=56004"},{"taxonomy":"post_tag","embeddable":true,"href":"https:\/\/haberbesiktas.tr\/index.php?rest_route=%2Fwp%2Fv2%2Ftags&post=56004"}],"curies":[{"name":"wp","href":"https:\/\/api.w.org\/{rel}","templated":true}]}}