{"id":56007,"date":"2026-02-03T03:12:06","date_gmt":"2026-02-03T03:12:06","guid":{"rendered":"https:\/\/haberbesiktas.tr\/?p=56007"},"modified":"2026-02-03T03:12:06","modified_gmt":"2026-02-03T03:12:06","slug":"en-nesyri-vedalasti-imzaya-gidiyor","status":"publish","type":"post","link":"https:\/\/haberbesiktas.tr\/?p=56007","title":{"rendered":"En-Nesyri vedala\u015ft\u0131, imzaya gidiyor"},"content":{"rendered":"<div>Fenerbah\u00e7e formas\u0131 giyen Youssef En-Nesyri, ekipten ayr\u0131l\u0131yor.<\/p>\n<p> Fenerbah\u00e7e&#8217;nin son oynad\u0131\u011f\u0131 Kocaelispor ma\u00e7\u0131na birinci 11&#8217;de ba\u015flayan Fasl\u0131 futbolcu, ma\u00e7\u0131n akabinde kadro arkada\u015flar\u0131yla vedala\u015ft\u0131.<\/p>\n<p> En-Nesyri, sal\u0131 g\u00fcn\u00fc \u0130stanbul&#8217;dan ayr\u0131lacak ve Suudi Arabistan&#8217;a giderek Al-Ittihad&#8217;e imza atacak.<\/p>\n<p> Fenerbah\u00e7e formas\u0131 alt\u0131nda bu d\u00f6nem 26 ma\u00e7ta m\u00fcddet bulan 28 ya\u015f\u0131ndaki futbolcu, 8 gol att\u0131 ve 1 asist yapt\u0131.<\/p>\n<\/div>\n","protected":false},"excerpt":{"rendered":"<p>Fenerbah\u00e7e&#8217;de Youssef En-Nesyri, Kocaelispor ma\u00e7\u0131n\u0131n akabinde ekip arkada\u015flar\u0131yla vedala\u015ft\u0131. Fasl\u0131 golc\u00fc, Al Ittihad&#8217;a imza atacak.<\/p>\n","protected":false},"author":1,"featured_media":56008,"comment_status":"open","ping_status":"open","sticky":false,"template":"","format":"standard","meta":{"footnotes":""},"categories":[25],"tags":[],"class_list":["post-56007","post","type-post","status-publish","format-standard","has-post-thumbnail","hentry","category-futbol"],"_links":{"self":[{"href":"https:\/\/haberbesiktas.tr\/index.php?rest_route=\/wp\/v2\/posts\/56007","targetHints":{"allow":["GET"]}}],"collection":[{"href":"https:\/\/haberbesiktas.tr\/index.php?rest_route=\/wp\/v2\/posts"}],"about":[{"href":"https:\/\/haberbesiktas.tr\/index.php?rest_route=\/wp\/v2\/types\/post"}],"author":[{"embeddable":true,"href":"https:\/\/haberbesiktas.tr\/index.php?rest_route=\/wp\/v2\/users\/1"}],"replies":[{"embeddable":true,"href":"https:\/\/haberbesiktas.tr\/index.php?rest_route=%2Fwp%2Fv2%2Fcomments&post=56007"}],"version-history":[{"count":1,"href":"https:\/\/haberbesiktas.tr\/index.php?rest_route=\/wp\/v2\/posts\/56007\/revisions"}],"predecessor-version":[{"id":56009,"href":"https:\/\/haberbesiktas.tr\/index.php?rest_route=\/wp\/v2\/posts\/56007\/revisions\/56009"}],"wp:featuredmedia":[{"embeddable":true,"href":"https:\/\/haberbesiktas.tr\/index.php?rest_route=\/wp\/v2\/media\/56008"}],"wp:attachment":[{"href":"https:\/\/haberbesiktas.tr\/index.php?rest_route=%2Fwp%2Fv2%2Fmedia&parent=56007"}],"wp:term":[{"taxonomy":"category","embeddable":true,"href":"https:\/\/haberbesiktas.tr\/index.php?rest_route=%2Fwp%2Fv2%2Fcategories&post=56007"},{"taxonomy":"post_tag","embeddable":true,"href":"https:\/\/haberbesiktas.tr\/index.php?rest_route=%2Fwp%2Fv2%2Ftags&post=56007"}],"curies":[{"name":"wp","href":"https:\/\/api.w.org\/{rel}","templated":true}]}}