{"id":56170,"date":"2026-02-03T12:36:09","date_gmt":"2026-02-03T12:36:09","guid":{"rendered":"https:\/\/haberbesiktas.tr\/?p=56170"},"modified":"2026-02-03T12:36:09","modified_gmt":"2026-02-03T12:36:09","slug":"edersondan-buyuk-yukselis","status":"publish","type":"post","link":"https:\/\/haberbesiktas.tr\/?p=56170","title":{"rendered":"Ederson&#8217;dan b\u00fcy\u00fck y\u00fckseli\u015f"},"content":{"rendered":"<div>Fenerbah\u00e7e formas\u0131 giyen Ederson, sar\u0131-lacivertlilerin oynad\u0131\u011f\u0131 son iki ma\u00e7a damga vurdu.<\/p>\n<p> Brezilyal\u0131 file bek\u00e7isi, G\u00f6ztepe ma\u00e7\u0131nda yenilen gol\u00fcn akabinde ele\u015ftirilmi\u015fti.<\/p>\n<p> 32 ya\u015f\u0131ndaki file bek\u00e7isi, daha sonra oynanan FCSB ma\u00e7\u0131nda ise kadronun ayakta kalmas\u0131nda b\u00fcy\u00fck rol oynad\u0131 ve UEFA Avrupa Ligi&#8217;nde deplasmanda al\u0131nan 1 puan\u0131n mimar\u0131 oldu. <\/p>\n<p> Ederson, Kocaelispor m\u00fcsabakas\u0131nda da kritik kurtar\u0131\u015flara imza att\u0131. Brezilyal\u0131 file bek\u00e7isi, bilhassa ma\u00e7\u0131n ikinci yar\u0131s\u0131nda Bruno Petkovic&#8217;in \u015futunu kurtard\u0131 ve skoru 1-0&#8217;da tutmay\u0131 ba\u015fard\u0131. Ederson, Kocaelispor kar\u015f\u0131s\u0131nda al\u0131nan 2-0&#8217;l\u0131k galibiyetin \u00f6ne \u00e7\u0131kan futbolcular\u0131ndan biri oldu.<\/p>\n<p> Kocaelispor &#8211; Fenerbah\u00e7e m\u00fcsabakas\u0131n\u0131 k\u0131ymetlendiren Ahmet \u00c7akar, &#8220;<strong>Hele Ederson&#8217;un kurtard\u0131\u011f\u0131 bir top var ki &#8216;Bir ma\u00e7\u0131 da kurtar Ederson&#8217; diyen bizlere \u00e7ok uygun bir kapak oldu. Kocaelispor sa\u011fdan getirdi, bombo\u015f vurdular, lakin Ederson k\u00f6\u015feden \u00e7\u0131kard\u0131. O \u015fut gol olsa, tahminen de biz \u015fu anda farkl\u0131 \u015feyler konu\u015fuyor olacakt\u0131k.&#8221;<\/strong> dedi.\u00a0<\/p>\n<blockquote class=\"twitter-tweet\" data-width=\"500\" data-dnt=\"true\">\n<p lang=\"tr\" dir=\"ltr\">Ahmet \u00c7akar: &quot;Ederson&#39;un kurtard\u0131\u011f\u0131 bir top var ki &#39;Bir ma\u00e7\u0131 da kurtar Ederson&#39; diyen bizlere \u00e7ok iyi bir kapak oldu.&quot; <a href=\"https:\/\/t.co\/SkCwinj25q\" rel=\"nofollow\">pic.twitter.com\/SkCwinj25q<\/a><\/p>\n<p>&mdash; Sporx (@sporx) <a href=\"https:\/\/twitter.com\/sporx\/status\/2018556536700957150?ref_src=twsrc%5Etfw\" rel=\"nofollow noopener\" target=\"_blank\">February 3, 2026<\/a><\/p><\/blockquote>\n<p><script async src=\"https:\/\/platform.twitter.com\/widgets.js\" charset=\"utf-8\"><\/script><\/p>\n<\/p><\/div>\n","protected":false},"excerpt":{"rendered":"<p>Fenerbah\u00e7e formas\u0131 giyen Ederson, son iki ma\u00e7taki performans\u0131yla b\u00fcy\u00fck alk\u0131\u015f ald\u0131.<\/p>\n","protected":false},"author":1,"featured_media":56172,"comment_status":"open","ping_status":"open","sticky":false,"template":"","format":"standard","meta":{"footnotes":""},"categories":[25],"tags":[3517],"class_list":["post-56170","post","type-post","status-publish","format-standard","has-post-thumbnail","hentry","category-futbol","tag-ederson"],"_links":{"self":[{"href":"https:\/\/haberbesiktas.tr\/index.php?rest_route=\/wp\/v2\/posts\/56170","targetHints":{"allow":["GET"]}}],"collection":[{"href":"https:\/\/haberbesiktas.tr\/index.php?rest_route=\/wp\/v2\/posts"}],"about":[{"href":"https:\/\/haberbesiktas.tr\/index.php?rest_route=\/wp\/v2\/types\/post"}],"author":[{"embeddable":true,"href":"https:\/\/haberbesiktas.tr\/index.php?rest_route=\/wp\/v2\/users\/1"}],"replies":[{"embeddable":true,"href":"https:\/\/haberbesiktas.tr\/index.php?rest_route=%2Fwp%2Fv2%2Fcomments&post=56170"}],"version-history":[{"count":1,"href":"https:\/\/haberbesiktas.tr\/index.php?rest_route=\/wp\/v2\/posts\/56170\/revisions"}],"predecessor-version":[{"id":56173,"href":"https:\/\/haberbesiktas.tr\/index.php?rest_route=\/wp\/v2\/posts\/56170\/revisions\/56173"}],"wp:featuredmedia":[{"embeddable":true,"href":"https:\/\/haberbesiktas.tr\/index.php?rest_route=\/wp\/v2\/media\/56172"}],"wp:attachment":[{"href":"https:\/\/haberbesiktas.tr\/index.php?rest_route=%2Fwp%2Fv2%2Fmedia&parent=56170"}],"wp:term":[{"taxonomy":"category","embeddable":true,"href":"https:\/\/haberbesiktas.tr\/index.php?rest_route=%2Fwp%2Fv2%2Fcategories&post=56170"},{"taxonomy":"post_tag","embeddable":true,"href":"https:\/\/haberbesiktas.tr\/index.php?rest_route=%2Fwp%2Fv2%2Ftags&post=56170"}],"curies":[{"name":"wp","href":"https:\/\/api.w.org\/{rel}","templated":true}]}}