{"id":56177,"date":"2026-02-03T13:00:05","date_gmt":"2026-02-03T13:00:05","guid":{"rendered":"https:\/\/haberbesiktas.tr\/?p=56177"},"modified":"2026-02-03T13:00:05","modified_gmt":"2026-02-03T13:00:05","slug":"galatasarayin-son-kozu-vermeeren","status":"publish","type":"post","link":"https:\/\/haberbesiktas.tr\/?p=56177","title":{"rendered":"Galatasaray&#8217;\u0131n son kozu Vermeeren"},"content":{"rendered":"<div>Orta saha transferini 5 \u015eubat&#8217;a kadar bitirmek zorunda olan Galatasaray, son kozlar\u0131n\u0131 oynamaya ba\u015flad\u0131.<\/p>\n<p> Pape Gueye&#8217;yi y\u00fcksek maliyetinden \u00f6t\u00fcr\u00fc listeden \u00e7\u0131karan sar\u0131-k\u0131rm\u0131z\u0131l\u0131lar, kiralama form\u00fcl\u00fcyle Arthur Vermeeren&#8217;e a\u011f\u0131rla\u015ft\u0131. Bonservisi Leipzig&#8217;de bulunan ve Marsilya&#8217;da kiral\u0131k forma giyen Bel\u00e7ikal\u0131 6 numara i\u00e7in bir sefer daha at\u0131l\u0131m yap\u0131ld\u0131.<\/p>\n<p> Vermeeren, kul\u00fcplerin muahedesi halinde Galatasaray&#8217;a gelmeye haz\u0131r durumda. <\/p>\n<p> <strong>GE\u00c7\u0130C\u0130 TAHL\u0130L HAMLES\u0130<\/strong><\/p>\n<p> Hem Leipzig hem de Marsilya&#8217;y\u0131 ikna etmeye \u00e7al\u0131\u015fan sar\u0131-k\u0131rm\u0131z\u0131l\u0131lar, 20 ya\u015f\u0131ndaki oyuncuyu orta alandaki s\u00fcreksiz tahlil olarak g\u00f6r\u00fcyor.<\/p>\n<p> Arthur Vermeeren&#8217;in kiral\u0131k mukavelesine Noa Lang ve Asprilla&#8217;ya koyulan mecbur\u00ee olmayan sat\u0131n alma opsiyonu d\u00fc\u015f\u00fcn\u00fcl\u00fcyor.<\/p>\n<p> <strong>BEL\u00c7\u0130KA ULUSAL KADROSU&#8217;NDA OYNUYOR<\/strong><\/p>\n<p> Bel\u00e7ika A Ulusal Grubu&#8217;na kadar y\u00fckselen 2005 do\u011fumlu Vermeeren, bu d\u00f6nem 17 ma\u00e7ta 2 asistlik performans sergiledi.<\/p>\n<\/div>\n","protected":false},"excerpt":{"rendered":"<p>Bonservisi Leipzig&#8217;de bulunan ve kiral\u0131k olarak Marsilya&#8217;da oynayan 20 ya\u015f\u0131ndaki futbolcu i\u00e7in Aslan, sat\u0131n alma opsiyonlu kiralama teklifini Alman grubuna iletti<\/p>\n","protected":false},"author":1,"featured_media":56178,"comment_status":"open","ping_status":"open","sticky":false,"template":"","format":"standard","meta":{"footnotes":""},"categories":[25],"tags":[],"class_list":["post-56177","post","type-post","status-publish","format-standard","has-post-thumbnail","hentry","category-futbol"],"_links":{"self":[{"href":"https:\/\/haberbesiktas.tr\/index.php?rest_route=\/wp\/v2\/posts\/56177","targetHints":{"allow":["GET"]}}],"collection":[{"href":"https:\/\/haberbesiktas.tr\/index.php?rest_route=\/wp\/v2\/posts"}],"about":[{"href":"https:\/\/haberbesiktas.tr\/index.php?rest_route=\/wp\/v2\/types\/post"}],"author":[{"embeddable":true,"href":"https:\/\/haberbesiktas.tr\/index.php?rest_route=\/wp\/v2\/users\/1"}],"replies":[{"embeddable":true,"href":"https:\/\/haberbesiktas.tr\/index.php?rest_route=%2Fwp%2Fv2%2Fcomments&post=56177"}],"version-history":[{"count":1,"href":"https:\/\/haberbesiktas.tr\/index.php?rest_route=\/wp\/v2\/posts\/56177\/revisions"}],"predecessor-version":[{"id":56179,"href":"https:\/\/haberbesiktas.tr\/index.php?rest_route=\/wp\/v2\/posts\/56177\/revisions\/56179"}],"wp:featuredmedia":[{"embeddable":true,"href":"https:\/\/haberbesiktas.tr\/index.php?rest_route=\/wp\/v2\/media\/56178"}],"wp:attachment":[{"href":"https:\/\/haberbesiktas.tr\/index.php?rest_route=%2Fwp%2Fv2%2Fmedia&parent=56177"}],"wp:term":[{"taxonomy":"category","embeddable":true,"href":"https:\/\/haberbesiktas.tr\/index.php?rest_route=%2Fwp%2Fv2%2Fcategories&post=56177"},{"taxonomy":"post_tag","embeddable":true,"href":"https:\/\/haberbesiktas.tr\/index.php?rest_route=%2Fwp%2Fv2%2Ftags&post=56177"}],"curies":[{"name":"wp","href":"https:\/\/api.w.org\/{rel}","templated":true}]}}