{"id":56180,"date":"2026-02-03T13:12:05","date_gmt":"2026-02-03T13:12:05","guid":{"rendered":"https:\/\/haberbesiktas.tr\/?p=56180"},"modified":"2026-02-03T13:12:05","modified_gmt":"2026-02-03T13:12:05","slug":"fenerbahceden-uefa-avrupa-ligi-icin-buyuk-belirsizlik","status":"publish","type":"post","link":"https:\/\/haberbesiktas.tr\/?p=56180","title":{"rendered":"Fenerbah\u00e7e&#8217;den UEFA Avrupa Ligi i\u00e7in b\u00fcy\u00fck belirsizlik!"},"content":{"rendered":"<div>Fenerbah\u00e7e, orta transfer devrinde Anthony Musaba, Matteo Guendouzi ve Mert G\u00fcnok&#8217;u tak\u0131m\u0131na katt\u0131.<\/p>\n<p> Sar\u0131-lacivertlilerde yeni transferlerle birlikte UEFA Avrupa Ligi tak\u0131m\u0131 i\u00e7in de b\u00fcy\u00fck bir soru i\u015fareti g\u00fcndeme geldi.<\/p>\n<p> Fenerbah\u00e7e, UEFA Avrupa Ligi&#8217;ne bildirece\u011fi yeni tak\u0131mda 3 de\u011fi\u015fiklik yapabiliyor. Sar\u0131-lacivertlilerde Anthony Musaba ve Guendouzi&#8217;nin yeni tak\u0131mda olmas\u0131 bekleniyor.<\/p>\n<p> Fenerbah\u00e7e&#8217;nin g\u00fcndeminde Al Ittihad formas\u0131 giyen N&#8217;Golo Kante ile birlikte bir golc\u00fc deste\u011fi de yer al\u0131yor.<\/p>\n<p> Fenerbah\u00e7e&#8217;nin muhtemel Kante ve golc\u00fc at\u0131l\u0131m\u0131yla birlikte UEFA Avrupa Ligi tak\u0131m\u0131 i\u00e7in verece\u011fi karar b\u00fcy\u00fck bir merakla bekleniyor.<\/p>\n<\/div>\n","protected":false},"excerpt":{"rendered":"<p>Fenerbah\u00e7e&#8217;de UEFA Avrupa Ligi tak\u0131m\u0131nda yap\u0131lacak 3 de\u011fi\u015fiklik i\u00e7in b\u00fcy\u00fck bir belirsizlik ya\u015fan\u0131yor.<\/p>\n","protected":false},"author":1,"featured_media":56181,"comment_status":"open","ping_status":"open","sticky":false,"template":"","format":"standard","meta":{"footnotes":""},"categories":[25],"tags":[],"class_list":["post-56180","post","type-post","status-publish","format-standard","has-post-thumbnail","hentry","category-futbol"],"_links":{"self":[{"href":"https:\/\/haberbesiktas.tr\/index.php?rest_route=\/wp\/v2\/posts\/56180","targetHints":{"allow":["GET"]}}],"collection":[{"href":"https:\/\/haberbesiktas.tr\/index.php?rest_route=\/wp\/v2\/posts"}],"about":[{"href":"https:\/\/haberbesiktas.tr\/index.php?rest_route=\/wp\/v2\/types\/post"}],"author":[{"embeddable":true,"href":"https:\/\/haberbesiktas.tr\/index.php?rest_route=\/wp\/v2\/users\/1"}],"replies":[{"embeddable":true,"href":"https:\/\/haberbesiktas.tr\/index.php?rest_route=%2Fwp%2Fv2%2Fcomments&post=56180"}],"version-history":[{"count":1,"href":"https:\/\/haberbesiktas.tr\/index.php?rest_route=\/wp\/v2\/posts\/56180\/revisions"}],"predecessor-version":[{"id":56182,"href":"https:\/\/haberbesiktas.tr\/index.php?rest_route=\/wp\/v2\/posts\/56180\/revisions\/56182"}],"wp:featuredmedia":[{"embeddable":true,"href":"https:\/\/haberbesiktas.tr\/index.php?rest_route=\/wp\/v2\/media\/56181"}],"wp:attachment":[{"href":"https:\/\/haberbesiktas.tr\/index.php?rest_route=%2Fwp%2Fv2%2Fmedia&parent=56180"}],"wp:term":[{"taxonomy":"category","embeddable":true,"href":"https:\/\/haberbesiktas.tr\/index.php?rest_route=%2Fwp%2Fv2%2Fcategories&post=56180"},{"taxonomy":"post_tag","embeddable":true,"href":"https:\/\/haberbesiktas.tr\/index.php?rest_route=%2Fwp%2Fv2%2Ftags&post=56180"}],"curies":[{"name":"wp","href":"https:\/\/api.w.org\/{rel}","templated":true}]}}