{"id":56183,"date":"2026-02-03T13:24:11","date_gmt":"2026-02-03T13:24:11","guid":{"rendered":"https:\/\/haberbesiktas.tr\/?p=56183"},"modified":"2026-02-03T13:24:11","modified_gmt":"2026-02-03T13:24:11","slug":"besiktasta-arka-arkaya-imza","status":"publish","type":"post","link":"https:\/\/haberbesiktas.tr\/?p=56183","title":{"rendered":"Be\u015fikta\u015f&#8217;ta arka arkaya imza!"},"content":{"rendered":"<div>Be\u015fikta\u015f&#8217;ta yeni transferler i\u00e7in geri say\u0131ma ge\u00e7ti.<\/p>\n<p><strong>SERGEN YAL\u00c7IN&#8217;IN S\u00d6ZLER\u0130<\/strong><\/p>\n<p> Siyah-beyazl\u0131lar\u0131n teknik y\u00f6neticisi Sergen Yal\u00e7\u0131n, ligde Konyaspor ile oynanan ma\u00e7\u0131n akabinde transfer konusunda, &#8220;<strong>En ger\u00e7ek \u015feyleri yapmaya \u00e7al\u0131\u015f\u0131yoruz. Tahminen haftaya 3 oyuncu gelecek, &#8216;Bunlar nas\u0131l geldi?&#8217; diyeceksiniz. Buras\u0131 taraftar\u0131n istedi\u011fi ekip haline gelecek, biraz bekleyin.&#8221;<\/strong> demi\u015fti.<\/p>\n<p> Be\u015fikta\u015f, bu a\u00e7\u0131klamalar\u0131n akabinde transferde gaza bast\u0131.<\/p>\n<p><strong>\u0130K\u0130 TRANSFER YAPILDI<\/strong> <\/p>\n<p> Siyah-beyazl\u0131lar, Yasin \u00d6zcan ve Kristjan Asllani desteklerinin akabinde yeni transferler i\u00e7in de geri say\u0131ma ge\u00e7ti.<\/p>\n<p><strong>B\u00dcY\u00dcK ORANDA ANLA\u015eMA<\/strong><\/p>\n<p> Be\u015fikta\u015f, G\u00f6ztepe&#8217;den Junior Olaitan ve Genk&#8217;ten G\u00fcney Koreli santrfor Hyeon-gyu Oh ile b\u00fcy\u00fck oranda mutabakat sa\u011flad\u0131.<\/p>\n<p><strong>SONA GEL\u0130ND\u0130<\/strong><\/p>\n<p> Wolverhampton&#8217;dan Emmanuel Agbadou transferinde de sona gelindi.<\/p>\n<p><strong>MASAYA OTURULDU<\/strong><\/p>\n<p> Lazio&#8217;dan sol bek Nuno Tavares i\u00e7in te\u015febb\u00fcslerine devam eden Be\u015fikta\u015f, Leeds United&#8217;dan kaleci Lucas Perri&#8217;nin menajeri ile de masaya oturdu.<\/p>\n<p><strong>\u0130MZALAR BEKLEN\u0130YOR<\/strong><\/p>\n<p> Be\u015fikta\u015f&#8217;ta transfer te\u015febb\u00fcslerinin k\u0131sa m\u00fcddette sonu\u00e7lanmas\u0131 ve imzalar\u0131n at\u0131lmas\u0131 bekleniyor.\u00a0<\/p>\n<\/div>\n","protected":false},"excerpt":{"rendered":"<p>Transfer devrinin bitmesine k\u0131sa bir m\u00fcddet kala Be\u015fikta\u015f&#8217;ta art geriye imzalar\u0131n at\u0131lmas\u0131 bekleniyor.<\/p>\n","protected":false},"author":1,"featured_media":56184,"comment_status":"open","ping_status":"open","sticky":false,"template":"","format":"standard","meta":{"footnotes":""},"categories":[25],"tags":[48],"class_list":["post-56183","post","type-post","status-publish","format-standard","has-post-thumbnail","hentry","category-futbol","tag-transfer"],"_links":{"self":[{"href":"https:\/\/haberbesiktas.tr\/index.php?rest_route=\/wp\/v2\/posts\/56183","targetHints":{"allow":["GET"]}}],"collection":[{"href":"https:\/\/haberbesiktas.tr\/index.php?rest_route=\/wp\/v2\/posts"}],"about":[{"href":"https:\/\/haberbesiktas.tr\/index.php?rest_route=\/wp\/v2\/types\/post"}],"author":[{"embeddable":true,"href":"https:\/\/haberbesiktas.tr\/index.php?rest_route=\/wp\/v2\/users\/1"}],"replies":[{"embeddable":true,"href":"https:\/\/haberbesiktas.tr\/index.php?rest_route=%2Fwp%2Fv2%2Fcomments&post=56183"}],"version-history":[{"count":1,"href":"https:\/\/haberbesiktas.tr\/index.php?rest_route=\/wp\/v2\/posts\/56183\/revisions"}],"predecessor-version":[{"id":56185,"href":"https:\/\/haberbesiktas.tr\/index.php?rest_route=\/wp\/v2\/posts\/56183\/revisions\/56185"}],"wp:featuredmedia":[{"embeddable":true,"href":"https:\/\/haberbesiktas.tr\/index.php?rest_route=\/wp\/v2\/media\/56184"}],"wp:attachment":[{"href":"https:\/\/haberbesiktas.tr\/index.php?rest_route=%2Fwp%2Fv2%2Fmedia&parent=56183"}],"wp:term":[{"taxonomy":"category","embeddable":true,"href":"https:\/\/haberbesiktas.tr\/index.php?rest_route=%2Fwp%2Fv2%2Fcategories&post=56183"},{"taxonomy":"post_tag","embeddable":true,"href":"https:\/\/haberbesiktas.tr\/index.php?rest_route=%2Fwp%2Fv2%2Ftags&post=56183"}],"curies":[{"name":"wp","href":"https:\/\/api.w.org\/{rel}","templated":true}]}}