{"id":56186,"date":"2026-02-03T13:36:06","date_gmt":"2026-02-03T13:36:06","guid":{"rendered":"https:\/\/haberbesiktas.tr\/?p=56186"},"modified":"2026-02-03T13:36:06","modified_gmt":"2026-02-03T13:36:06","slug":"zakaria-galatasaraya-pahali-geldi","status":"publish","type":"post","link":"https:\/\/haberbesiktas.tr\/?p=56186","title":{"rendered":"Zakaria, Galatasaray&#8217;a pahal\u0131 geldi"},"content":{"rendered":"<div>Galatasaray orta saha transferinde Monaco&#8217;dan Denis Zakaria&#8217;y\u0131 g\u00fcndemine ald\u0131 ve Frans\u0131z grubuna bonservis kaidelerini sordu.<\/p>\n<p> Monaco, 29 ya\u015f\u0131ndaki orta saha oyuncusu i\u00e7in sar\u0131-k\u0131rm\u0131z\u0131l\u0131lardan 25 milyon euro bonservis talep etti.<\/p>\n<p> G\u00f6r\u00fc\u015fmeler daha ba\u015flamadan sona erdi.<\/p>\n<p><strong>BU D\u00d6NEM 2 AY ALANLARDAN UZAK KALDI<\/strong><\/p>\n<p> 29 ya\u015f\u0131ndaki \u0130svi\u00e7reli orta saha, bu d\u00f6nem 16 resmi ma\u00e7ta forma giydi ve 3 asist yapt\u0131. Zakaria, bu d\u00f6nem 12 ma\u00e7 ka\u00e7\u0131rmas\u0131na neden olan 2 ayl\u0131k bir sakatl\u0131k da ya\u015fad\u0131.<\/p>\n<\/div>\n","protected":false},"excerpt":{"rendered":"<p>Galatasaray, Zakaria i\u00e7in Monaco&#8217;dan bonservis kaidelerini \u00f6\u011frendi; kurallar y\u00fcksek gelince pazarl\u0131k dahi yap\u0131lmadan masadan kalk\u0131ld\u0131.<\/p>\n","protected":false},"author":1,"featured_media":56187,"comment_status":"open","ping_status":"open","sticky":false,"template":"","format":"standard","meta":{"footnotes":""},"categories":[25],"tags":[],"class_list":["post-56186","post","type-post","status-publish","format-standard","has-post-thumbnail","hentry","category-futbol"],"_links":{"self":[{"href":"https:\/\/haberbesiktas.tr\/index.php?rest_route=\/wp\/v2\/posts\/56186","targetHints":{"allow":["GET"]}}],"collection":[{"href":"https:\/\/haberbesiktas.tr\/index.php?rest_route=\/wp\/v2\/posts"}],"about":[{"href":"https:\/\/haberbesiktas.tr\/index.php?rest_route=\/wp\/v2\/types\/post"}],"author":[{"embeddable":true,"href":"https:\/\/haberbesiktas.tr\/index.php?rest_route=\/wp\/v2\/users\/1"}],"replies":[{"embeddable":true,"href":"https:\/\/haberbesiktas.tr\/index.php?rest_route=%2Fwp%2Fv2%2Fcomments&post=56186"}],"version-history":[{"count":1,"href":"https:\/\/haberbesiktas.tr\/index.php?rest_route=\/wp\/v2\/posts\/56186\/revisions"}],"predecessor-version":[{"id":56188,"href":"https:\/\/haberbesiktas.tr\/index.php?rest_route=\/wp\/v2\/posts\/56186\/revisions\/56188"}],"wp:featuredmedia":[{"embeddable":true,"href":"https:\/\/haberbesiktas.tr\/index.php?rest_route=\/wp\/v2\/media\/56187"}],"wp:attachment":[{"href":"https:\/\/haberbesiktas.tr\/index.php?rest_route=%2Fwp%2Fv2%2Fmedia&parent=56186"}],"wp:term":[{"taxonomy":"category","embeddable":true,"href":"https:\/\/haberbesiktas.tr\/index.php?rest_route=%2Fwp%2Fv2%2Fcategories&post=56186"},{"taxonomy":"post_tag","embeddable":true,"href":"https:\/\/haberbesiktas.tr\/index.php?rest_route=%2Fwp%2Fv2%2Ftags&post=56186"}],"curies":[{"name":"wp","href":"https:\/\/api.w.org\/{rel}","templated":true}]}}