{"id":56189,"date":"2026-02-03T13:48:07","date_gmt":"2026-02-03T13:48:07","guid":{"rendered":"https:\/\/haberbesiktas.tr\/?p=56189"},"modified":"2026-02-03T13:48:07","modified_gmt":"2026-02-03T13:48:07","slug":"uefa-listeleri-icin-son-tarih-5-subat","status":"publish","type":"post","link":"https:\/\/haberbesiktas.tr\/?p=56189","title":{"rendered":"UEFA listeleri i\u00e7in son tarih: 5 \u015eubat!"},"content":{"rendered":"<div>UEFA \u015eampiyonlar Ligi, Avrupa Ligi ve Konferans Ligi&#8217;nde lig basamaklar\u0131n\u0131n tamamlanmas\u0131n\u0131n akabinde nakavt \u00e7e\u015fitleri \u00f6ncesi tak\u0131m g\u00fcncellemede son etaba ge\u00e7ildi.<\/p>\n<p> \u015eampiyonlar Ligi&#8217;ndeki Galatasaray, Avrupa Ligi&#8217;ndeki Fenerbah\u00e7e ve Konferans Ligi&#8217;ndeki Samsunspor&#8217;un hala m\u00fchleti var. UEFA&#8217;n\u0131n y\u00f6netmeli\u011fine nazaran, 2025-2026 d\u00f6neminde Avrupa kupalar\u0131nda nakavt basama\u011f\u0131na kat\u0131lacak ekipler i\u00e7in son tak\u0131m bildirim tarihi 5 \u015eubat 2026 saat 00.00&#8217;da sona erecek.<\/p>\n<p> Temsilcilerimizin yeni alacaklar\u0131 isimleri belirlenen tarihe kadar tamamlamalar\u0131 ve UEFA&#8217;ya bildirmeleri gerekiyor. <\/p>\n<p> 5 B\u00dcY\u00dcK L\u0130GDE B\u0130TT\u0130<\/p>\n<p> D\u00fcn 5 b\u00fcy\u00fck ligin federasyonlar\u0131n\u0131n transfer i\u00e7in tan\u0131d\u0131\u011f\u0131 m\u00fcddet bitti.<\/p>\n<p> Almanya, Fransa, \u0130ngiltere, \u0130talya, \u0130spanya ve Suudi Arabistan&#8217;da orta transfer devri d\u00fcn kapand\u0131. T\u00fcrkiye ba\u015fta olmak \u00fczere Balkan \u00fclkeleri, Kuzey Avrupa \u00fclkelerinde transfer s\u00fcreci devam ediyor.<\/p>\n<\/div>\n","protected":false},"excerpt":{"rendered":"<p>UEFA&#8217;n\u0131n y\u00f6netmeli\u011fine nazaran Avrupa kupalar\u0131ndaki gruplar i\u00e7in tak\u0131m bildirim tarihi 5 \u015eubat 2026 saat 00.00&#8217;da sona erecek. Temsilcilerimizin tak\u0131mlar\u0131na yeni katacaklar\u0131 isimleri bu tarihe kadar UEFA&#8217;ya bildirmeleri gerekiyor.<\/p>\n","protected":false},"author":1,"featured_media":56190,"comment_status":"open","ping_status":"open","sticky":false,"template":"","format":"standard","meta":{"footnotes":""},"categories":[25],"tags":[464],"class_list":["post-56189","post","type-post","status-publish","format-standard","has-post-thumbnail","hentry","category-futbol","tag-ligi"],"_links":{"self":[{"href":"https:\/\/haberbesiktas.tr\/index.php?rest_route=\/wp\/v2\/posts\/56189","targetHints":{"allow":["GET"]}}],"collection":[{"href":"https:\/\/haberbesiktas.tr\/index.php?rest_route=\/wp\/v2\/posts"}],"about":[{"href":"https:\/\/haberbesiktas.tr\/index.php?rest_route=\/wp\/v2\/types\/post"}],"author":[{"embeddable":true,"href":"https:\/\/haberbesiktas.tr\/index.php?rest_route=\/wp\/v2\/users\/1"}],"replies":[{"embeddable":true,"href":"https:\/\/haberbesiktas.tr\/index.php?rest_route=%2Fwp%2Fv2%2Fcomments&post=56189"}],"version-history":[{"count":1,"href":"https:\/\/haberbesiktas.tr\/index.php?rest_route=\/wp\/v2\/posts\/56189\/revisions"}],"predecessor-version":[{"id":56191,"href":"https:\/\/haberbesiktas.tr\/index.php?rest_route=\/wp\/v2\/posts\/56189\/revisions\/56191"}],"wp:featuredmedia":[{"embeddable":true,"href":"https:\/\/haberbesiktas.tr\/index.php?rest_route=\/wp\/v2\/media\/56190"}],"wp:attachment":[{"href":"https:\/\/haberbesiktas.tr\/index.php?rest_route=%2Fwp%2Fv2%2Fmedia&parent=56189"}],"wp:term":[{"taxonomy":"category","embeddable":true,"href":"https:\/\/haberbesiktas.tr\/index.php?rest_route=%2Fwp%2Fv2%2Fcategories&post=56189"},{"taxonomy":"post_tag","embeddable":true,"href":"https:\/\/haberbesiktas.tr\/index.php?rest_route=%2Fwp%2Fv2%2Ftags&post=56189"}],"curies":[{"name":"wp","href":"https:\/\/api.w.org\/{rel}","templated":true}]}}