{"id":56192,"date":"2026-02-03T14:00:05","date_gmt":"2026-02-03T14:00:05","guid":{"rendered":"https:\/\/haberbesiktas.tr\/?p=56192"},"modified":"2026-02-03T14:00:05","modified_gmt":"2026-02-03T14:00:05","slug":"fenerbahcede-fredden-transfer-karari","status":"publish","type":"post","link":"https:\/\/haberbesiktas.tr\/?p=56192","title":{"rendered":"Fenerbah\u00e7e&#8217;de Fred&#8217;den transfer karar\u0131"},"content":{"rendered":"<div>Fenerbah\u00e7e&#8217;de ayr\u0131l\u0131\u011f\u0131 g\u00fcndeme gelen Fred&#8217;in transfer iste\u011fi ortaya \u00e7\u0131kt\u0131.<\/p>\n<p><strong>\u00dcLKES\u0130NE D\u00d6NMEK \u0130ST\u0130YOR<\/strong><\/p>\n<p> Hollanda&#8217;dan Ajax&#8217;\u0131n da ilgilendi\u011fi fakat maliyeti nedeniyle transferinden vazge\u00e7ti\u011fi Brezilyal\u0131 futbolcu, \u00fclkesine geri d\u00f6nmek istiyor.<\/p>\n<p> Fred, \u00fclkesinden Flamengo ile g\u00f6r\u00fc\u015fmelerde bulunuyor.<\/p>\n<p><strong>KANTE&#8217;YE DE BA\u011eLI<\/strong><\/p>\n<p> 32 ya\u015f\u0131ndaki futbolcunun ismi Al Ittihad&#8217;den N&#8217;Golo Kante transferinde takasta da g\u00fcndeme gelmi\u015fti.<\/p>\n<p> Fred&#8217;in gelece\u011fi i\u00e7in muhtemel Kante transferi de belirleyici olacak.<\/p>\n<p><strong>SEZON PERFORMANSI<\/strong><\/p>\n<p> Fenerbah\u00e7e formas\u0131 alt\u0131nda bu d\u00f6nem 30 ma\u00e7ta m\u00fchlet bulan Fred, 1 gol att\u0131 ve 3 asist yapt\u0131.<\/p>\n<\/div>\n","protected":false},"excerpt":{"rendered":"<p>Fenerbah\u00e7e&#8217;nin orta saha oyuncusu Fred, \u00fclkesi Brezilya&#8217;ya geri d\u00f6nmek istiyor. Fred, \u00fclkesinden Flamengo ile g\u00f6r\u00fc\u015f\u00fcyor.<\/p>\n","protected":false},"author":1,"featured_media":56193,"comment_status":"open","ping_status":"open","sticky":false,"template":"","format":"standard","meta":{"footnotes":""},"categories":[25],"tags":[],"class_list":["post-56192","post","type-post","status-publish","format-standard","has-post-thumbnail","hentry","category-futbol"],"_links":{"self":[{"href":"https:\/\/haberbesiktas.tr\/index.php?rest_route=\/wp\/v2\/posts\/56192","targetHints":{"allow":["GET"]}}],"collection":[{"href":"https:\/\/haberbesiktas.tr\/index.php?rest_route=\/wp\/v2\/posts"}],"about":[{"href":"https:\/\/haberbesiktas.tr\/index.php?rest_route=\/wp\/v2\/types\/post"}],"author":[{"embeddable":true,"href":"https:\/\/haberbesiktas.tr\/index.php?rest_route=\/wp\/v2\/users\/1"}],"replies":[{"embeddable":true,"href":"https:\/\/haberbesiktas.tr\/index.php?rest_route=%2Fwp%2Fv2%2Fcomments&post=56192"}],"version-history":[{"count":1,"href":"https:\/\/haberbesiktas.tr\/index.php?rest_route=\/wp\/v2\/posts\/56192\/revisions"}],"predecessor-version":[{"id":56194,"href":"https:\/\/haberbesiktas.tr\/index.php?rest_route=\/wp\/v2\/posts\/56192\/revisions\/56194"}],"wp:featuredmedia":[{"embeddable":true,"href":"https:\/\/haberbesiktas.tr\/index.php?rest_route=\/wp\/v2\/media\/56193"}],"wp:attachment":[{"href":"https:\/\/haberbesiktas.tr\/index.php?rest_route=%2Fwp%2Fv2%2Fmedia&parent=56192"}],"wp:term":[{"taxonomy":"category","embeddable":true,"href":"https:\/\/haberbesiktas.tr\/index.php?rest_route=%2Fwp%2Fv2%2Fcategories&post=56192"},{"taxonomy":"post_tag","embeddable":true,"href":"https:\/\/haberbesiktas.tr\/index.php?rest_route=%2Fwp%2Fv2%2Ftags&post=56192"}],"curies":[{"name":"wp","href":"https:\/\/api.w.org\/{rel}","templated":true}]}}