{"id":56195,"date":"2026-02-03T14:12:05","date_gmt":"2026-02-03T14:12:05","guid":{"rendered":"https:\/\/haberbesiktas.tr\/?p=56195"},"modified":"2026-02-03T14:12:05","modified_gmt":"2026-02-03T14:12:05","slug":"basaksehir-turkiye-kupasinda-fatih-karagumruke-karsi","status":"publish","type":"post","link":"https:\/\/haberbesiktas.tr\/?p=56195","title":{"rendered":"Ba\u015fak\u015fehir, T\u00fcrkiye Kupas\u0131&#8217;nda Fatih Karag\u00fcmr\u00fck&#8217;e kar\u015f\u0131"},"content":{"rendered":"<div>\n<div>\n<div>RAMS Ba\u015fak\u015fehir, T\u00fcrkiye Kupas\u0131 A K\u00fcmesi&#8217;nin 3. haftas\u0131nda 4 \u015eubat \u00c7ar\u015famba g\u00fcn\u00fc Fatih Karag\u00fcmr\u00fck&#8217;e konuk olacak.<\/div>\n<\/p><\/div>\n<div>\n<div> Atat\u00fcrk Olimpiyat Stad\u0131&#8217;ndaki saat 15.30&#8217;da ba\u015flayacak \u00e7abay\u0131 hakem \u00c7a\u011fda\u015f Altay y\u00f6netecek.<\/p>\n<p> Ba\u015fak\u015fehir, 8 kadronun yer ald\u0131\u011f\u0131 A K\u00fcmesi&#8217;nde 3 puan ve averajla 4. s\u0131rada yer al\u0131yor.<\/p>\n<p> Galatasaray&#8217;a birinci hafta ma\u00e7\u0131nda 1-0 yenilen turuncu-lacivertli grup, ikinci kar\u015f\u0131la\u015fmada ise Boluspor&#8217;u 2-1 ma\u011flup etti.<\/p>\n<p> K\u00fcmede iki beraberlik ya\u015fayan Fatih Karag\u00fcmr\u00fck ise 2 puanla 5. basamakta bulunuyor.<\/p><\/div>\n<\/p><\/div>\n<\/div>\n","protected":false},"excerpt":{"rendered":"<p>S\u00fcper Lig&#8217;de son haftalarda f\u0131rt\u0131na estiren Ba\u015fak\u015fehir, Kupa&#8217;da Karag\u00fcmr\u00fck deplasman\u0131nda alana \u00e7\u0131kacak<\/p>\n","protected":false},"author":1,"featured_media":56196,"comment_status":"open","ping_status":"open","sticky":false,"template":"","format":"standard","meta":{"footnotes":""},"categories":[25],"tags":[],"class_list":["post-56195","post","type-post","status-publish","format-standard","has-post-thumbnail","hentry","category-futbol"],"_links":{"self":[{"href":"https:\/\/haberbesiktas.tr\/index.php?rest_route=\/wp\/v2\/posts\/56195","targetHints":{"allow":["GET"]}}],"collection":[{"href":"https:\/\/haberbesiktas.tr\/index.php?rest_route=\/wp\/v2\/posts"}],"about":[{"href":"https:\/\/haberbesiktas.tr\/index.php?rest_route=\/wp\/v2\/types\/post"}],"author":[{"embeddable":true,"href":"https:\/\/haberbesiktas.tr\/index.php?rest_route=\/wp\/v2\/users\/1"}],"replies":[{"embeddable":true,"href":"https:\/\/haberbesiktas.tr\/index.php?rest_route=%2Fwp%2Fv2%2Fcomments&post=56195"}],"version-history":[{"count":1,"href":"https:\/\/haberbesiktas.tr\/index.php?rest_route=\/wp\/v2\/posts\/56195\/revisions"}],"predecessor-version":[{"id":56197,"href":"https:\/\/haberbesiktas.tr\/index.php?rest_route=\/wp\/v2\/posts\/56195\/revisions\/56197"}],"wp:featuredmedia":[{"embeddable":true,"href":"https:\/\/haberbesiktas.tr\/index.php?rest_route=\/wp\/v2\/media\/56196"}],"wp:attachment":[{"href":"https:\/\/haberbesiktas.tr\/index.php?rest_route=%2Fwp%2Fv2%2Fmedia&parent=56195"}],"wp:term":[{"taxonomy":"category","embeddable":true,"href":"https:\/\/haberbesiktas.tr\/index.php?rest_route=%2Fwp%2Fv2%2Fcategories&post=56195"},{"taxonomy":"post_tag","embeddable":true,"href":"https:\/\/haberbesiktas.tr\/index.php?rest_route=%2Fwp%2Fv2%2Ftags&post=56195"}],"curies":[{"name":"wp","href":"https:\/\/api.w.org\/{rel}","templated":true}]}}