{"id":56201,"date":"2026-02-03T14:36:08","date_gmt":"2026-02-03T14:36:08","guid":{"rendered":"https:\/\/haberbesiktas.tr\/?p=56201"},"modified":"2026-02-03T14:36:08","modified_gmt":"2026-02-03T14:36:08","slug":"zeren-spor-sampiyonlar-liginde-dresdnere-konuk-oluyor","status":"publish","type":"post","link":"https:\/\/haberbesiktas.tr\/?p=56201","title":{"rendered":"Zeren Spor, \u015eampiyonlar Ligi&#8217;nde Dresdner&#8217;e konuk oluyor"},"content":{"rendered":"<div>\n<div>Zeren Spor Bayan Voleybol Ekibi, CEV \u015eampiyonlar Ligi D K\u00fcmesi&#8217;nin 6. haftas\u0131nda 4 \u015eubat \u00c7ar\u015famba g\u00fcn\u00fc deplasmanda Almanya&#8217;n\u0131n Dresdner tak\u0131m\u0131yla kar\u015f\u0131la\u015facak.<\/div>\n<\/p><\/div>\n<div>\n<div> Margon Arena&#8217;da TS\u0130 21.00&#8217;da ba\u015flayacak kar\u015f\u0131la\u015fmay\u0131 Michail Koutsoulas (Yunanistan) ve Marco Van Zanten (Hollanda) hakem ikilisi y\u00f6netecek.<\/p>\n<p> K\u00fcmesindeki 5 ma\u00e7\u0131n 3&#8217;\u00fcn\u00fc kazanan ba\u015f\u015fehir grubu, 2. s\u0131rada bulunuyor. Galibiyeti olmayan Alman grubu ise 4. ve son s\u0131rada yer al\u0131yor.<\/p>\n<p> Zeren Spor, k\u00fcmesinde Dresdner ile kar\u015f\u0131la\u015ft\u0131\u011f\u0131 birinci ma\u00e7tan 3-0 galip ayr\u0131ld\u0131.<\/p><\/div>\n<\/p><\/div>\n","protected":false},"excerpt":{"rendered":"<p>D K\u00fcmesinde liderlik \u00e7abas\u0131 veren Zeren Spor, k\u00fcmede son s\u0131rada yer alan Dresdner deplasman\u0131nda<\/p>\n","protected":false},"author":1,"featured_media":56202,"comment_status":"open","ping_status":"open","sticky":false,"template":"","format":"standard","meta":{"footnotes":""},"categories":[39],"tags":[],"class_list":["post-56201","post","type-post","status-publish","format-standard","has-post-thumbnail","hentry","category-voleybol"],"_links":{"self":[{"href":"https:\/\/haberbesiktas.tr\/index.php?rest_route=\/wp\/v2\/posts\/56201","targetHints":{"allow":["GET"]}}],"collection":[{"href":"https:\/\/haberbesiktas.tr\/index.php?rest_route=\/wp\/v2\/posts"}],"about":[{"href":"https:\/\/haberbesiktas.tr\/index.php?rest_route=\/wp\/v2\/types\/post"}],"author":[{"embeddable":true,"href":"https:\/\/haberbesiktas.tr\/index.php?rest_route=\/wp\/v2\/users\/1"}],"replies":[{"embeddable":true,"href":"https:\/\/haberbesiktas.tr\/index.php?rest_route=%2Fwp%2Fv2%2Fcomments&post=56201"}],"version-history":[{"count":1,"href":"https:\/\/haberbesiktas.tr\/index.php?rest_route=\/wp\/v2\/posts\/56201\/revisions"}],"predecessor-version":[{"id":56203,"href":"https:\/\/haberbesiktas.tr\/index.php?rest_route=\/wp\/v2\/posts\/56201\/revisions\/56203"}],"wp:featuredmedia":[{"embeddable":true,"href":"https:\/\/haberbesiktas.tr\/index.php?rest_route=\/wp\/v2\/media\/56202"}],"wp:attachment":[{"href":"https:\/\/haberbesiktas.tr\/index.php?rest_route=%2Fwp%2Fv2%2Fmedia&parent=56201"}],"wp:term":[{"taxonomy":"category","embeddable":true,"href":"https:\/\/haberbesiktas.tr\/index.php?rest_route=%2Fwp%2Fv2%2Fcategories&post=56201"},{"taxonomy":"post_tag","embeddable":true,"href":"https:\/\/haberbesiktas.tr\/index.php?rest_route=%2Fwp%2Fv2%2Ftags&post=56201"}],"curies":[{"name":"wp","href":"https:\/\/api.w.org\/{rel}","templated":true}]}}