{"id":56204,"date":"2026-02-03T14:48:04","date_gmt":"2026-02-03T14:48:04","guid":{"rendered":"https:\/\/haberbesiktas.tr\/?p=56204"},"modified":"2026-02-03T14:48:04","modified_gmt":"2026-02-03T14:48:04","slug":"victor-osimhen-ile-keyifler-yerinde","status":"publish","type":"post","link":"https:\/\/haberbesiktas.tr\/?p=56204","title":{"rendered":"Victor Osimhen ile keyifler yerinde"},"content":{"rendered":"<div>Galatasaray, Victor Osimhen&#8217;e sahip olman\u0131n keyfini s\u00fcr\u00fcyor&#8230;<\/p>\n<p> Ge\u00e7en sezonki \u015fampiyonlu\u011fun mimarlar\u0131ndan olan Nijeryal\u0131 forvet bu devir ritim bulmakta zorland\u0131. Nijerya Ulusal Kadrosu&#8217;ndan sakat d\u00f6nen, Afrika Kupas\u0131 i\u00e7in ekipten uzak kalan Osimhen&#8217;in yoklu\u011fu Aslan&#8217;\u0131n atak g\u00fcc\u00fcn\u00fc de d\u00fc\u015f\u00fcrd\u00fc.<\/p>\n<p> Onun d\u00f6n\u00fc\u015f\u00fcyle bir arada Galatasaray&#8217;\u0131n ivmesi de y\u00fckseldi. Yaln\u0131zca att\u0131\u011f\u0131 gollerle de\u011fil, saha i\u00e7i ve d\u0131\u015f\u0131 g\u00fcc\u00fcyle de sar\u0131-k\u0131rm\u0131z\u0131l\u0131lar\u0131n do\u011fal lideri konumunda. <\/p>\n<p> <strong>200 GOLE ULA\u015eTI<\/strong><\/p>\n<p> Cim Bom&#8217;un y\u0131ld\u0131z\u0131 Victor Osimhen, Kayserispor a\u011flar\u0131n\u0131 penalt\u0131dan havaland\u0131rd\u0131. Nijeryal\u0131 y\u0131ld\u0131z b\u00f6ylelikle \u00e7\u0131kt\u0131\u011f\u0131 336. ma\u00e7ta 200. gol\u00fcn\u00fc kaydetti. 51 de asisti bulunuyor. 27 ya\u015f\u0131ndaki forvet, mesle\u011finde 1 Serie A \u015fampiyonlu\u011fu, 1 S\u00fcper Lig \u015fampiyonlu\u011fu, 1 T\u00fcrkiye Kupas\u0131 \u015fampiyonlu\u011fu, 1 U-17 Afrika Uluslar Kupas\u0131 \u015fampiyonlu\u011fu ya\u015fad\u0131. S\u00fcper Lig ve Serie A&#8217;da gol krall\u0131\u011f\u0131 tac\u0131n\u0131 takt\u0131. Afrika&#8217;da y\u0131l\u0131n futbolcusu se\u00e7ildi.<\/p>\n<p> <span><strong>51<\/strong><\/span><\/p>\n<p> Osimhen, Galatasaray formas\u0131yla 51 gole ula\u015farak Bafetimbi Gomis&#8217;i yakalad\u0131. Hagi ve Icardi&#8217;nin akabinde en golc\u00fc yabanc\u0131 kategorisinde 3. s\u0131ray\u0131 Gomis ile payla\u015f\u0131yor.<\/p>\n<\/div>\n","protected":false},"excerpt":{"rendered":"<p>Galatasaray, Nijeryal\u0131 y\u0131ld\u0131z\u0131n\u0131n sakatland\u0131\u011f\u0131 ve Afrika Kupas\u0131&#8217;nda oldu\u011fu periyotta hamlede aks\u0131yordu. 27 ya\u015f\u0131ndaki forvetin d\u00f6n\u00fc\u015f\u00fcyle Cim Bom ligde tekrar sahay\u0131 rakiplerine dar etmeye ba\u015flad\u0131.<\/p>\n","protected":false},"author":1,"featured_media":56205,"comment_status":"open","ping_status":"open","sticky":false,"template":"","format":"standard","meta":{"footnotes":""},"categories":[25],"tags":[77,2856],"class_list":["post-56204","post","type-post","status-publish","format-standard","has-post-thumbnail","hentry","category-futbol","tag-gol","tag-sampiyonlugu"],"_links":{"self":[{"href":"https:\/\/haberbesiktas.tr\/index.php?rest_route=\/wp\/v2\/posts\/56204","targetHints":{"allow":["GET"]}}],"collection":[{"href":"https:\/\/haberbesiktas.tr\/index.php?rest_route=\/wp\/v2\/posts"}],"about":[{"href":"https:\/\/haberbesiktas.tr\/index.php?rest_route=\/wp\/v2\/types\/post"}],"author":[{"embeddable":true,"href":"https:\/\/haberbesiktas.tr\/index.php?rest_route=\/wp\/v2\/users\/1"}],"replies":[{"embeddable":true,"href":"https:\/\/haberbesiktas.tr\/index.php?rest_route=%2Fwp%2Fv2%2Fcomments&post=56204"}],"version-history":[{"count":1,"href":"https:\/\/haberbesiktas.tr\/index.php?rest_route=\/wp\/v2\/posts\/56204\/revisions"}],"predecessor-version":[{"id":56206,"href":"https:\/\/haberbesiktas.tr\/index.php?rest_route=\/wp\/v2\/posts\/56204\/revisions\/56206"}],"wp:featuredmedia":[{"embeddable":true,"href":"https:\/\/haberbesiktas.tr\/index.php?rest_route=\/wp\/v2\/media\/56205"}],"wp:attachment":[{"href":"https:\/\/haberbesiktas.tr\/index.php?rest_route=%2Fwp%2Fv2%2Fmedia&parent=56204"}],"wp:term":[{"taxonomy":"category","embeddable":true,"href":"https:\/\/haberbesiktas.tr\/index.php?rest_route=%2Fwp%2Fv2%2Fcategories&post=56204"},{"taxonomy":"post_tag","embeddable":true,"href":"https:\/\/haberbesiktas.tr\/index.php?rest_route=%2Fwp%2Fv2%2Ftags&post=56204"}],"curies":[{"name":"wp","href":"https:\/\/api.w.org\/{rel}","templated":true}]}}