{"id":56207,"date":"2026-02-03T15:00:04","date_gmt":"2026-02-03T15:00:04","guid":{"rendered":"https:\/\/haberbesiktas.tr\/?p=56207"},"modified":"2026-02-03T15:00:04","modified_gmt":"2026-02-03T15:00:04","slug":"galatasarayda-transfer-zirvesi-firsatlar-araniyor","status":"publish","type":"post","link":"https:\/\/haberbesiktas.tr\/?p=56207","title":{"rendered":"Galatasaray&#8217;da transfer zirvesi; f\u0131rsatlar aran\u0131yor"},"content":{"rendered":"<div>Galatasaray, Avrupa&#8217;n\u0131n \u00fcst seviye liglerinde orta transfer periyodunun bug\u00fcn prestijiyle sona ermesini f\u0131rsata \u00e7evirmek istiyor.<\/p>\n<p> Sar\u0131-k\u0131rm\u0131z\u0131l\u0131lar bu nedenle pazartesi ak\u015fam\u0131 bir transfer tepesi daha ger\u00e7ekle\u015ftirdi.<\/p>\n<p> Lider Dursun \u00d6zbek ve Sportif A\u015e Ba\u015fkanvekili Abdullah Kavukcu g\u00fcndemdeki isimleri masaya yat\u0131rd\u0131. Avrupa&#8217;da transfer devrinin sona ermesiyle bir arada \u00fcst seviye liglerle an\u0131lan lakin transferi ger\u00e7ekle\u015fmeyen isimlerin ko\u015fullar\u0131n\u0131n yine ele al\u0131naca\u011f\u0131 \u00f6\u011frenildi. <\/p>\n<p> <span><strong>TRANSFER PER\u0130YODU B\u0130TEN L\u0130GLERE BAKILACAK<\/strong><\/span><\/p>\n<p> Birka\u00e7 hafta evvel ilgi duyulan lakin y\u00fcksek maliyet nedeniyle beklemeye al\u0131nan oyuncular\u0131n durumuna bak\u0131laca\u011f\u0131 belirtildi. Almanya, Fransa, \u0130talya ve Suudi Arabistan&#8217;da transfer pazartesi gecesi sona erdi.<\/p>\n<p> \u0130spanya, \u0130ngiltere, Danimarka, Hollanda, Bel\u00e7ika \u00fczere \u00fclkelerde de bug\u00fcn tamamlanacak. Galatasaray&#8217;\u0131n \u00f6ncelikli maksad\u0131n\u0131n gen\u00e7, potansiyeli y\u00fcksek bir ismi kiralamak oldu\u011funun alt\u0131 \u00e7izildi. Cim-Bom&#8217;un orta alana yapaca\u011f\u0131 son destek ile beraber \u015eampiyonlar Ligi listesine \u00fc\u00e7 yeni ismin dahil edece\u011fi belirtildi.<\/p>\n<p> Aslan&#8217;da Noa Lang ve Asprilla d\u0131\u015f\u0131nda ger\u00e7ekle\u015fecek orta saha transferi de listeye eklenecek.<\/p>\n<\/div>\n","protected":false},"excerpt":{"rendered":"<p>Galatasaray&#8217;da transfer tepesi ger\u00e7ekle\u015ftirildi; transfer periyodu biten liglerdeki oyuncular\u0131n durumlar\u0131 masaya yat\u0131r\u0131ld\u0131.<\/p>\n","protected":false},"author":1,"featured_media":56208,"comment_status":"open","ping_status":"open","sticky":false,"template":"","format":"standard","meta":{"footnotes":""},"categories":[25],"tags":[48],"class_list":["post-56207","post","type-post","status-publish","format-standard","has-post-thumbnail","hentry","category-futbol","tag-transfer"],"_links":{"self":[{"href":"https:\/\/haberbesiktas.tr\/index.php?rest_route=\/wp\/v2\/posts\/56207","targetHints":{"allow":["GET"]}}],"collection":[{"href":"https:\/\/haberbesiktas.tr\/index.php?rest_route=\/wp\/v2\/posts"}],"about":[{"href":"https:\/\/haberbesiktas.tr\/index.php?rest_route=\/wp\/v2\/types\/post"}],"author":[{"embeddable":true,"href":"https:\/\/haberbesiktas.tr\/index.php?rest_route=\/wp\/v2\/users\/1"}],"replies":[{"embeddable":true,"href":"https:\/\/haberbesiktas.tr\/index.php?rest_route=%2Fwp%2Fv2%2Fcomments&post=56207"}],"version-history":[{"count":1,"href":"https:\/\/haberbesiktas.tr\/index.php?rest_route=\/wp\/v2\/posts\/56207\/revisions"}],"predecessor-version":[{"id":56209,"href":"https:\/\/haberbesiktas.tr\/index.php?rest_route=\/wp\/v2\/posts\/56207\/revisions\/56209"}],"wp:featuredmedia":[{"embeddable":true,"href":"https:\/\/haberbesiktas.tr\/index.php?rest_route=\/wp\/v2\/media\/56208"}],"wp:attachment":[{"href":"https:\/\/haberbesiktas.tr\/index.php?rest_route=%2Fwp%2Fv2%2Fmedia&parent=56207"}],"wp:term":[{"taxonomy":"category","embeddable":true,"href":"https:\/\/haberbesiktas.tr\/index.php?rest_route=%2Fwp%2Fv2%2Fcategories&post=56207"},{"taxonomy":"post_tag","embeddable":true,"href":"https:\/\/haberbesiktas.tr\/index.php?rest_route=%2Fwp%2Fv2%2Ftags&post=56207"}],"curies":[{"name":"wp","href":"https:\/\/api.w.org\/{rel}","templated":true}]}}