{"id":5622,"date":"2025-01-22T23:23:50","date_gmt":"2025-01-22T23:23:50","guid":{"rendered":"https:\/\/haberbesiktas.tr\/?p=5622"},"modified":"2025-01-22T23:23:50","modified_gmt":"2025-01-22T23:23:50","slug":"bodrum-cenk-tosun-icin-harekete-gecti","status":"publish","type":"post","link":"https:\/\/haberbesiktas.tr\/?p=5622","title":{"rendered":"Bodrum, Cenk Tosun i\u00e7in harekete ge\u00e7ti"},"content":{"rendered":"<div>S\u00fcper Lig&#8217;de k\u00fcmede kalma \u00e7abas\u0131 veren Bodrum Futbol Kul\u00fcb\u00fc, transferde ata\u011fa kalkt\u0131.<\/p>\n<p> <strong>G\u00d6R\u00dc\u015eMELER BA\u015eLADI<\/strong><\/p>\n<p> Birinci olarak \u0130svi\u00e7re&#8217;nin Z\u00fcrih ekibinden kanat oyuncusu Jonathan Okita&#8217;y\u0131 renklerine ba\u011flayan ye\u015fil-beyazl\u0131lar, Fenerbah\u00e7eli Cenk Tosun transferi i\u00e7in g\u00f6r\u00fc\u015fmelere ba\u015flad\u0131.<\/p>\n<p> \u0130leri uca destek yapmak isteyen Ege tak\u0131m\u0131n\u0131n Fenerbah\u00e7e&#8217;de bir t\u00fcrl\u00fc talih bulamayan ulusal golc\u00fcn\u00fcn transferi i\u00e7in oyuncu ve sar\u0131-lacivertlilerle temas halinde oldu\u011fu \u00f6\u011frenildi.<\/p>\n<p> <strong>TRANSFERE OLUMLU YAKLA\u015eTI<\/strong><\/p>\n<p> Teknik y\u00f6netici Volkan Demirel&#8217;in de Cenk&#8217;i \u00e7ok istedi\u011fi, ulusal oyuncunun da Bodrum FK&#8217;n\u0131n teklifine olumlu yakla\u015ft\u0131\u011f\u0131 kaydedildi.<\/p>\n<p> D\u00f6nem ba\u015f\u0131nda Be\u015fikta\u015f&#8217;tan Fenerbah\u00e7e&#8217;ye transfer olan 33 ya\u015f\u0131ndaki ulusal golc\u00fc, sar\u0131-lacivertlilerde 10 resmi ma\u00e7a \u00e7\u0131kt\u0131. Toplam 97 dakika alanda kalan Cenk, gol sevinci ya\u015fayamad\u0131 ve bir t\u00fcrl\u00fc sistemli oynama talihi elde edemedi.<\/p>\n<\/div>\n","protected":false},"excerpt":{"rendered":"<p>Bodrum FK, Fenerbah\u00e7e&#8217;den Cenk Tosun ile ilgileniyor. Cenk Tosun, transfere s\u0131cak bak\u0131yor.<\/p>\n","protected":false},"author":1,"featured_media":5623,"comment_status":"open","ping_status":"open","sticky":false,"template":"","format":"standard","meta":{"footnotes":""},"categories":[25],"tags":[48],"class_list":["post-5622","post","type-post","status-publish","format-standard","has-post-thumbnail","hentry","category-futbol","tag-transfer"],"_links":{"self":[{"href":"https:\/\/haberbesiktas.tr\/index.php?rest_route=\/wp\/v2\/posts\/5622","targetHints":{"allow":["GET"]}}],"collection":[{"href":"https:\/\/haberbesiktas.tr\/index.php?rest_route=\/wp\/v2\/posts"}],"about":[{"href":"https:\/\/haberbesiktas.tr\/index.php?rest_route=\/wp\/v2\/types\/post"}],"author":[{"embeddable":true,"href":"https:\/\/haberbesiktas.tr\/index.php?rest_route=\/wp\/v2\/users\/1"}],"replies":[{"embeddable":true,"href":"https:\/\/haberbesiktas.tr\/index.php?rest_route=%2Fwp%2Fv2%2Fcomments&post=5622"}],"version-history":[{"count":1,"href":"https:\/\/haberbesiktas.tr\/index.php?rest_route=\/wp\/v2\/posts\/5622\/revisions"}],"predecessor-version":[{"id":5624,"href":"https:\/\/haberbesiktas.tr\/index.php?rest_route=\/wp\/v2\/posts\/5622\/revisions\/5624"}],"wp:featuredmedia":[{"embeddable":true,"href":"https:\/\/haberbesiktas.tr\/index.php?rest_route=\/wp\/v2\/media\/5623"}],"wp:attachment":[{"href":"https:\/\/haberbesiktas.tr\/index.php?rest_route=%2Fwp%2Fv2%2Fmedia&parent=5622"}],"wp:term":[{"taxonomy":"category","embeddable":true,"href":"https:\/\/haberbesiktas.tr\/index.php?rest_route=%2Fwp%2Fv2%2Fcategories&post=5622"},{"taxonomy":"post_tag","embeddable":true,"href":"https:\/\/haberbesiktas.tr\/index.php?rest_route=%2Fwp%2Fv2%2Ftags&post=5622"}],"curies":[{"name":"wp","href":"https:\/\/api.w.org\/{rel}","templated":true}]}}