{"id":56249,"date":"2026-02-03T17:48:05","date_gmt":"2026-02-03T17:48:05","guid":{"rendered":"https:\/\/haberbesiktas.tr\/?p=56249"},"modified":"2026-02-03T17:48:05","modified_gmt":"2026-02-03T17:48:05","slug":"alperen-sengunden-pacers-maci-sonrasi-all-star-aciklamasi","status":"publish","type":"post","link":"https:\/\/haberbesiktas.tr\/?p=56249","title":{"rendered":"Alperen \u015eeng\u00fcn&#8217;den Pacers ma\u00e7\u0131 sonras\u0131 All-Star a\u00e7\u0131klamas\u0131"},"content":{"rendered":"<div>Amerikan Basketbol Ligi (NBA) gruplar\u0131ndan Houston Rockets&#8217;ta forma giyen Alperen \u015eeng\u00fcn, All-Star se\u00e7ilememesi nedeniyle hayal k\u0131r\u0131kl\u0131\u011f\u0131 ya\u015fad\u0131\u011f\u0131n\u0131 fakat bunun kendisini daha \u00e7ok motive edece\u011fini s\u00f6yledi.<\/p>\n<p> NBA&#8217;de Indiana Pacers&#8217;\u0131 118-114 yendikleri ma\u00e7\u0131n akabinde bas\u0131n mensuplar\u0131n\u0131n sorular\u0131n\u0131 yan\u0131tlayan ulusal basketbolcu, &#8220;Benim amac\u0131m, ge\u00e7en y\u0131ldan sonra her y\u0131l All-Star olmakt\u0131. Se\u00e7ilememek benim i\u00e7in hayal k\u0131r\u0131kl\u0131\u011f\u0131yd\u0131. Ligde \u00e7ok fazla yetenek var ve hala gencim. Eninde sonunda bunu ba\u015faraca\u011f\u0131m. Bu durum beni yaln\u0131zca daha \u00e7ok \u00e7al\u0131\u015fmaya itecek.&#8221; diye konu\u015ftu.<\/p>\n<p> Bu durumlarda her vakit uygun tarafta motive oldu\u011funu vurgulayan Alperen, <strong>&#8220;Hala ger\u00e7ekle\u015ftirmem gereken hedeflerim var. Yaln\u0131zca daha \u00e7ok \u00e7al\u0131\u015fmam laz\u0131m. Yapt\u0131\u011f\u0131m i\u015fte disiplinli olmal\u0131y\u0131m. Umar\u0131m NBA&#8217;de uzun y\u0131llar oynar\u0131m ve All-Star se\u00e7imleri olur. Kesinlikle yapaca\u011f\u0131m.&#8221;<\/strong> dedi. <\/p>\n<p> Pacers kar\u015f\u0131s\u0131nda 39 say\u0131, 16 ribaunt, 5 asistle ekibine liderlik eden Alperen, performans\u0131yla ilgili soruya, <strong>&#8220;Asl\u0131nda s\u0131k\u0131nt\u0131 yaln\u0131zca All-Star olmak de\u011fil, kendimi kan\u0131tlamam gerekiyor. Dedi\u011fim \u00fczere, ge\u00e7en ay\u0131 pek g\u00fczel ge\u00e7irmedim lakin art\u0131k yeni bir ayday\u0131z. Agresif olmal\u0131y\u0131m. Kim oldu\u011fumu ve her ma\u00e7\u0131 nas\u0131l domine edebilece\u011fimi hat\u0131rlamam gerekiyor. Kendime g\u00fcvenmeli, alana \u00e7\u0131k\u0131p i\u015fi bitirmeliyim. Ben buyum ve her ma\u00e7 yapaca\u011f\u0131m \u015fey de bu.&#8221;<\/strong> kar\u015f\u0131l\u0131\u011f\u0131n\u0131 verdi.<\/p>\n<\/div>\n","protected":false},"excerpt":{"rendered":"<p>&#8220;Se\u00e7ilememek benim i\u00e7in hayal k\u0131r\u0131kl\u0131\u011f\u0131yd\u0131. Ligde \u00e7ok fazla yetenek var ve hala gencim. Eninde sonunda bunu ba\u015faraca\u011f\u0131m&#8221;<\/p>\n","protected":false},"author":1,"featured_media":56250,"comment_status":"open","ping_status":"open","sticky":false,"template":"","format":"standard","meta":{"footnotes":""},"categories":[10],"tags":[],"class_list":["post-56249","post","type-post","status-publish","format-standard","has-post-thumbnail","hentry","category-basketbol"],"_links":{"self":[{"href":"https:\/\/haberbesiktas.tr\/index.php?rest_route=\/wp\/v2\/posts\/56249","targetHints":{"allow":["GET"]}}],"collection":[{"href":"https:\/\/haberbesiktas.tr\/index.php?rest_route=\/wp\/v2\/posts"}],"about":[{"href":"https:\/\/haberbesiktas.tr\/index.php?rest_route=\/wp\/v2\/types\/post"}],"author":[{"embeddable":true,"href":"https:\/\/haberbesiktas.tr\/index.php?rest_route=\/wp\/v2\/users\/1"}],"replies":[{"embeddable":true,"href":"https:\/\/haberbesiktas.tr\/index.php?rest_route=%2Fwp%2Fv2%2Fcomments&post=56249"}],"version-history":[{"count":1,"href":"https:\/\/haberbesiktas.tr\/index.php?rest_route=\/wp\/v2\/posts\/56249\/revisions"}],"predecessor-version":[{"id":56251,"href":"https:\/\/haberbesiktas.tr\/index.php?rest_route=\/wp\/v2\/posts\/56249\/revisions\/56251"}],"wp:featuredmedia":[{"embeddable":true,"href":"https:\/\/haberbesiktas.tr\/index.php?rest_route=\/wp\/v2\/media\/56250"}],"wp:attachment":[{"href":"https:\/\/haberbesiktas.tr\/index.php?rest_route=%2Fwp%2Fv2%2Fmedia&parent=56249"}],"wp:term":[{"taxonomy":"category","embeddable":true,"href":"https:\/\/haberbesiktas.tr\/index.php?rest_route=%2Fwp%2Fv2%2Fcategories&post=56249"},{"taxonomy":"post_tag","embeddable":true,"href":"https:\/\/haberbesiktas.tr\/index.php?rest_route=%2Fwp%2Fv2%2Ftags&post=56249"}],"curies":[{"name":"wp","href":"https:\/\/api.w.org\/{rel}","templated":true}]}}