{"id":56252,"date":"2026-02-03T18:00:09","date_gmt":"2026-02-03T18:00:09","guid":{"rendered":"https:\/\/haberbesiktas.tr\/?p=56252"},"modified":"2026-02-03T18:00:09","modified_gmt":"2026-02-03T18:00:09","slug":"galatasaray-mct-technic-hapoel-holon-ile-karsilasiyor","status":"publish","type":"post","link":"https:\/\/haberbesiktas.tr\/?p=56252","title":{"rendered":"Galatasaray MCT Technic, Hapoel Holon ile kar\u015f\u0131la\u015f\u0131yor"},"content":{"rendered":"<div>\n<div>\n<div>Galatasaray MCT Technic Erkek Basketbol Kadrosu, FIBA \u015eampiyonlar Ligi son 16 \u00e7e\u015fidi I K\u00fcmesi 3. hafta ma\u00e7\u0131nda 4 \u015eubat \u00c7ar\u015famba \u0130srail&#8217;in Hapoel Netanel Holon grubuyla Bulgaristan&#8217;da kar\u015f\u0131 kar\u015f\u0131ya gelecek.<\/div>\n<\/p><\/div>\n<div>\n<div> Bulgaristan&#8217;\u0131n Samokov kentindeki Arena SamElyon&#8217;da oynanacak m\u00fcsabaka, TS\u0130 20.00&#8217;de ba\u015flayacak.<\/p>\n<p> Sar\u0131-k\u0131rm\u0131z\u0131l\u0131 grup, son 16 tipi I Grubu&#8217;ndaki birinci 2 ma\u00e7\u0131nda 1&#8217;er galibiyet ve yenilgi ya\u015fad\u0131.<\/p>\n<p> Hapoel Netanel Holon ise k\u00fcmede oynad\u0131\u011f\u0131 2 kar\u015f\u0131la\u015fmadan da ma\u011flubiyetle ayr\u0131ld\u0131.<\/p>\n<div>\u00a0<\/div>\n<\/p><\/div>\n<div>\u00a0<\/div>\n<\/p><\/div>\n<\/div>\n","protected":false},"excerpt":{"rendered":"<p>Galatasaray MCT Technic, FIBA \u015eampiyonlar Ligi&#8217;nde Hapoel Netanel Holon ile Bulgaristan&#8217;da \u00e7aba edecek<\/p>\n","protected":false},"author":1,"featured_media":56253,"comment_status":"open","ping_status":"open","sticky":false,"template":"","format":"standard","meta":{"footnotes":""},"categories":[10],"tags":[],"class_list":["post-56252","post","type-post","status-publish","format-standard","has-post-thumbnail","hentry","category-basketbol"],"_links":{"self":[{"href":"https:\/\/haberbesiktas.tr\/index.php?rest_route=\/wp\/v2\/posts\/56252","targetHints":{"allow":["GET"]}}],"collection":[{"href":"https:\/\/haberbesiktas.tr\/index.php?rest_route=\/wp\/v2\/posts"}],"about":[{"href":"https:\/\/haberbesiktas.tr\/index.php?rest_route=\/wp\/v2\/types\/post"}],"author":[{"embeddable":true,"href":"https:\/\/haberbesiktas.tr\/index.php?rest_route=\/wp\/v2\/users\/1"}],"replies":[{"embeddable":true,"href":"https:\/\/haberbesiktas.tr\/index.php?rest_route=%2Fwp%2Fv2%2Fcomments&post=56252"}],"version-history":[{"count":1,"href":"https:\/\/haberbesiktas.tr\/index.php?rest_route=\/wp\/v2\/posts\/56252\/revisions"}],"predecessor-version":[{"id":56254,"href":"https:\/\/haberbesiktas.tr\/index.php?rest_route=\/wp\/v2\/posts\/56252\/revisions\/56254"}],"wp:featuredmedia":[{"embeddable":true,"href":"https:\/\/haberbesiktas.tr\/index.php?rest_route=\/wp\/v2\/media\/56253"}],"wp:attachment":[{"href":"https:\/\/haberbesiktas.tr\/index.php?rest_route=%2Fwp%2Fv2%2Fmedia&parent=56252"}],"wp:term":[{"taxonomy":"category","embeddable":true,"href":"https:\/\/haberbesiktas.tr\/index.php?rest_route=%2Fwp%2Fv2%2Fcategories&post=56252"},{"taxonomy":"post_tag","embeddable":true,"href":"https:\/\/haberbesiktas.tr\/index.php?rest_route=%2Fwp%2Fv2%2Ftags&post=56252"}],"curies":[{"name":"wp","href":"https:\/\/api.w.org\/{rel}","templated":true}]}}