{"id":56270,"date":"2026-02-03T19:12:07","date_gmt":"2026-02-03T19:12:07","guid":{"rendered":"https:\/\/haberbesiktas.tr\/?p=56270"},"modified":"2026-02-03T19:12:07","modified_gmt":"2026-02-03T19:12:07","slug":"eczacibasi-numia-vero-sinavinda","status":"publish","type":"post","link":"https:\/\/haberbesiktas.tr\/?p=56270","title":{"rendered":"Eczac\u0131ba\u015f\u0131, Numia Vero s\u0131nav\u0131nda!"},"content":{"rendered":"<p><span><span>Eczac\u0131ba\u015f\u0131 Dynavit Bayan Voleybol Ekibi; CEV Zeren Group \u015eampiyonlar Ligi C K\u00fcmesi&#8217;nin alt\u0131nc\u0131 ve son haftas\u0131nda, 4 \u015eubat&#8217;ta \u0130talya&#8217;n\u0131n Numia Vero Volley tak\u0131m\u0131yla \u0130talya&#8217;da\u00a0 kar\u015f\u0131la\u015facak.<\/p>\n<p><span>Allianz Cloud Arena&#8217;da oynanacak m\u00fcsabaka, TS\u0130 22.00&#8217;de ba\u015flayacak.<\/span><\/span><\/span> Numia Vero Volley, C K\u00fcmesi&#8217;nde averajla birinci basamakta yer al\u0131rken turuncu-beyazl\u0131lar ise 2. s\u0131rada bulunuyor.<\/p>\n<p> K\u00fcmede oynad\u0131klar\u0131 birinci \u00e7abada Eczac\u0131ba\u015f\u0131 Dynavit, alan\u0131nda rakibini 3-2 ma\u011flup etti.<\/p>\n<p> <span><br \/><\/span><\/p>\n","protected":false},"excerpt":{"rendered":"<p>Eczac\u0131ba\u015f\u0131 Dynavit, 4 \u015eubat Per\u015fembe g\u00fcn\u00fc 22.00&#8217;de \u0130talyan rakibi Numia Vero ile kar\u015f\u0131la\u015facak.<\/p>\n","protected":false},"author":1,"featured_media":56271,"comment_status":"open","ping_status":"open","sticky":false,"template":"","format":"standard","meta":{"footnotes":""},"categories":[39],"tags":[],"class_list":["post-56270","post","type-post","status-publish","format-standard","has-post-thumbnail","hentry","category-voleybol"],"_links":{"self":[{"href":"https:\/\/haberbesiktas.tr\/index.php?rest_route=\/wp\/v2\/posts\/56270","targetHints":{"allow":["GET"]}}],"collection":[{"href":"https:\/\/haberbesiktas.tr\/index.php?rest_route=\/wp\/v2\/posts"}],"about":[{"href":"https:\/\/haberbesiktas.tr\/index.php?rest_route=\/wp\/v2\/types\/post"}],"author":[{"embeddable":true,"href":"https:\/\/haberbesiktas.tr\/index.php?rest_route=\/wp\/v2\/users\/1"}],"replies":[{"embeddable":true,"href":"https:\/\/haberbesiktas.tr\/index.php?rest_route=%2Fwp%2Fv2%2Fcomments&post=56270"}],"version-history":[{"count":1,"href":"https:\/\/haberbesiktas.tr\/index.php?rest_route=\/wp\/v2\/posts\/56270\/revisions"}],"predecessor-version":[{"id":56272,"href":"https:\/\/haberbesiktas.tr\/index.php?rest_route=\/wp\/v2\/posts\/56270\/revisions\/56272"}],"wp:featuredmedia":[{"embeddable":true,"href":"https:\/\/haberbesiktas.tr\/index.php?rest_route=\/wp\/v2\/media\/56271"}],"wp:attachment":[{"href":"https:\/\/haberbesiktas.tr\/index.php?rest_route=%2Fwp%2Fv2%2Fmedia&parent=56270"}],"wp:term":[{"taxonomy":"category","embeddable":true,"href":"https:\/\/haberbesiktas.tr\/index.php?rest_route=%2Fwp%2Fv2%2Fcategories&post=56270"},{"taxonomy":"post_tag","embeddable":true,"href":"https:\/\/haberbesiktas.tr\/index.php?rest_route=%2Fwp%2Fv2%2Ftags&post=56270"}],"curies":[{"name":"wp","href":"https:\/\/api.w.org\/{rel}","templated":true}]}}