{"id":56273,"date":"2026-02-03T19:24:13","date_gmt":"2026-02-03T19:24:13","guid":{"rendered":"https:\/\/haberbesiktas.tr\/?p=56273"},"modified":"2026-02-03T19:24:13","modified_gmt":"2026-02-03T19:24:13","slug":"ingilterede-gundem-acun-ilicali","status":"publish","type":"post","link":"https:\/\/haberbesiktas.tr\/?p=56273","title":{"rendered":"\u0130ngiltere&#8217;de g\u00fcndem Acun Il\u0131cal\u0131!"},"content":{"rendered":"<div>Hull City&#8217;nin sahibi Acun Il\u0131cal\u0131, ekibinin deplasman ma\u00e7\u0131nda trib\u00fcnde bulunan taraftarlar\u0131 imajl\u0131 arayarak statta renkli anlar ya\u015fanmas\u0131na neden oldu.<\/p>\n<p> Kar\u015f\u0131lar\u0131ndaki ekranda Il\u0131cal\u0131&#8217;y\u0131 g\u00f6ren taraftarlar tezah\u00fcratlarla kul\u00fcp sahibine sevgi g\u00f6sterisinde bulunurken, trib\u00fcnlerde b\u00fcy\u00fck co\u015fku olu\u015ftu. <\/p>\n<p>O anlar \u0130ngiltere&#8217;de bilhassa toplumsal medyada da k\u0131sa m\u00fcddette g\u00fcndem olurken, Il\u0131cal\u0131 manzaralar\u0131 kendi hesab\u0131ndan payla\u015ft\u0131.<\/p>\n<p><span><strong>PREMIER L\u0130G&#8217;E GER\u00c7EK KO\u015eUYOR<\/strong><\/span><\/p>\n<p> Championship&#8217;te u\u011fra\u015f eden Hull City ise ba\u015far\u0131l\u0131 performans\u0131yla dikkat \u00e7ekiyor. \u00dcst \u00fcste ald\u0131\u011f\u0131 galibiyetlerle \u00e7\u0131k\u0131\u015f\u0131n\u0131 s\u00fcrd\u00fcren \u0130ngiliz tak\u0131m\u0131, ma\u00e7 eksi\u011fine ra\u011fmen ligde 3&#8217;nc\u00fc s\u0131rada yer alarak Premier League amac\u0131n\u0131 g\u00fc\u00e7lendirdi. <\/p>\n<\/div>\n","protected":false},"excerpt":{"rendered":"<p>Premier Lig&#8217;e y\u00fckselme yolunda gayret eden Hull City&#8217;de kul\u00fcp sahibi ve ba\u015fkan\u0131 Acun Il\u0131cal\u0131, ma\u00e7 s\u0131ras\u0131nda taraftarlar\u0131 imajl\u0131 arad\u0131. Ada toplumsal medyas\u0131nda bu imajlar \u00e7ok konu\u015fuldu.<\/p>\n","protected":false},"author":1,"featured_media":56274,"comment_status":"open","ping_status":"open","sticky":false,"template":"","format":"standard","meta":{"footnotes":""},"categories":[25],"tags":[],"class_list":["post-56273","post","type-post","status-publish","format-standard","has-post-thumbnail","hentry","category-futbol"],"_links":{"self":[{"href":"https:\/\/haberbesiktas.tr\/index.php?rest_route=\/wp\/v2\/posts\/56273","targetHints":{"allow":["GET"]}}],"collection":[{"href":"https:\/\/haberbesiktas.tr\/index.php?rest_route=\/wp\/v2\/posts"}],"about":[{"href":"https:\/\/haberbesiktas.tr\/index.php?rest_route=\/wp\/v2\/types\/post"}],"author":[{"embeddable":true,"href":"https:\/\/haberbesiktas.tr\/index.php?rest_route=\/wp\/v2\/users\/1"}],"replies":[{"embeddable":true,"href":"https:\/\/haberbesiktas.tr\/index.php?rest_route=%2Fwp%2Fv2%2Fcomments&post=56273"}],"version-history":[{"count":1,"href":"https:\/\/haberbesiktas.tr\/index.php?rest_route=\/wp\/v2\/posts\/56273\/revisions"}],"predecessor-version":[{"id":56275,"href":"https:\/\/haberbesiktas.tr\/index.php?rest_route=\/wp\/v2\/posts\/56273\/revisions\/56275"}],"wp:featuredmedia":[{"embeddable":true,"href":"https:\/\/haberbesiktas.tr\/index.php?rest_route=\/wp\/v2\/media\/56274"}],"wp:attachment":[{"href":"https:\/\/haberbesiktas.tr\/index.php?rest_route=%2Fwp%2Fv2%2Fmedia&parent=56273"}],"wp:term":[{"taxonomy":"category","embeddable":true,"href":"https:\/\/haberbesiktas.tr\/index.php?rest_route=%2Fwp%2Fv2%2Fcategories&post=56273"},{"taxonomy":"post_tag","embeddable":true,"href":"https:\/\/haberbesiktas.tr\/index.php?rest_route=%2Fwp%2Fv2%2Ftags&post=56273"}],"curies":[{"name":"wp","href":"https:\/\/api.w.org\/{rel}","templated":true}]}}