{"id":56282,"date":"2026-02-03T20:00:11","date_gmt":"2026-02-03T20:00:11","guid":{"rendered":"https:\/\/haberbesiktas.tr\/?p=56282"},"modified":"2026-02-03T20:00:11","modified_gmt":"2026-02-03T20:00:11","slug":"galatasarayin-gelecek-plani-deniz-ertas","status":"publish","type":"post","link":"https:\/\/haberbesiktas.tr\/?p=56282","title":{"rendered":"Galatasaray&#8217;\u0131n gelecek plan\u0131: Deniz Erta\u015f"},"content":{"rendered":"<div>Konyaspor&#8217;a Berkan Kutlu&#8217;yu bedelsiz veren Galatasaray, yeni d\u00f6nem i\u00e7in Anadolu temsilcisinden Deniz Erta\u015f&#8217;\u0131 transfer etmeye \u00e7al\u0131\u015f\u0131yor.<\/p>\n<p> 20 ya\u015f\u0131ndaki 1.93&#8217;l\u00fck kaleciyi tak\u0131m\u0131na katarak U\u011furcan \u00c7ak\u0131r ile birlikte uzun y\u0131llar bu durumu kapatmak isteyen Galatasaray, 5 milyon Euro&#8217;yu g\u00f6zden \u00e7\u0131kard\u0131.<\/p>\n<p> Alt\u0131nordu, Bursaspor ve Konyaspor altyap\u0131lar\u0131ndan yeti\u015fen Deniz Erta\u015f, 16 ya\u015f\u0131ndan itibaren Konyaspor a ekibine y\u00fckseldi.<\/p>\n<p> Deniz Erta\u015f, bu d\u00f6nem oynad\u0131\u011f\u0131 12 ma\u00e7\u0131n 2&#8217;sinde kalesini gole kapatmay\u0131 ba\u015fard\u0131.<\/p>\n<\/div>\n","protected":false},"excerpt":{"rendered":"<p>Galatasaray, 20 ya\u015f\u0131ndaki kaleci Deniz Erta\u015f&#8217;\u0131n transferi i\u00e7in Konyaspor ile temaslara ba\u015flad\u0131.<\/p>\n","protected":false},"author":1,"featured_media":56283,"comment_status":"open","ping_status":"open","sticky":false,"template":"","format":"standard","meta":{"footnotes":""},"categories":[25],"tags":[],"class_list":["post-56282","post","type-post","status-publish","format-standard","has-post-thumbnail","hentry","category-futbol"],"_links":{"self":[{"href":"https:\/\/haberbesiktas.tr\/index.php?rest_route=\/wp\/v2\/posts\/56282","targetHints":{"allow":["GET"]}}],"collection":[{"href":"https:\/\/haberbesiktas.tr\/index.php?rest_route=\/wp\/v2\/posts"}],"about":[{"href":"https:\/\/haberbesiktas.tr\/index.php?rest_route=\/wp\/v2\/types\/post"}],"author":[{"embeddable":true,"href":"https:\/\/haberbesiktas.tr\/index.php?rest_route=\/wp\/v2\/users\/1"}],"replies":[{"embeddable":true,"href":"https:\/\/haberbesiktas.tr\/index.php?rest_route=%2Fwp%2Fv2%2Fcomments&post=56282"}],"version-history":[{"count":1,"href":"https:\/\/haberbesiktas.tr\/index.php?rest_route=\/wp\/v2\/posts\/56282\/revisions"}],"predecessor-version":[{"id":56284,"href":"https:\/\/haberbesiktas.tr\/index.php?rest_route=\/wp\/v2\/posts\/56282\/revisions\/56284"}],"wp:featuredmedia":[{"embeddable":true,"href":"https:\/\/haberbesiktas.tr\/index.php?rest_route=\/wp\/v2\/media\/56283"}],"wp:attachment":[{"href":"https:\/\/haberbesiktas.tr\/index.php?rest_route=%2Fwp%2Fv2%2Fmedia&parent=56282"}],"wp:term":[{"taxonomy":"category","embeddable":true,"href":"https:\/\/haberbesiktas.tr\/index.php?rest_route=%2Fwp%2Fv2%2Fcategories&post=56282"},{"taxonomy":"post_tag","embeddable":true,"href":"https:\/\/haberbesiktas.tr\/index.php?rest_route=%2Fwp%2Fv2%2Ftags&post=56282"}],"curies":[{"name":"wp","href":"https:\/\/api.w.org\/{rel}","templated":true}]}}