{"id":56367,"date":"2026-02-04T01:36:09","date_gmt":"2026-02-04T01:36:09","guid":{"rendered":"https:\/\/haberbesiktas.tr\/?p=56367"},"modified":"2026-02-04T01:36:09","modified_gmt":"2026-02-04T01:36:09","slug":"altinorduya-mujdeli-haber-arif-simsir-donuyor","status":"publish","type":"post","link":"https:\/\/haberbesiktas.tr\/?p=56367","title":{"rendered":"Alt\u0131nordu&#8217;ya m\u00fcjdeli haber: Arif \u015eim\u015fir d\u00f6n\u00fcyor!"},"content":{"rendered":"<div>2. Lig Beyaz K\u00fcme&#8217;de son 3 ma\u00e7\u0131n\u0131 kaybederek d\u00fc\u015fme \u00e7izgisinde yara almaya devam eden Alt\u0131nordu&#8217;da bahis soru\u015fturmas\u0131 kapsam\u0131nda 3 ay men cezas\u0131 alan kaleci Arif \u015eim\u015fir, bu hafta cezas\u0131n\u0131 bitirerek formas\u0131na kavu\u015facak. K\u0131rm\u0131z\u0131-lacivertli ekibin pazar g\u00fcn\u00fc meskeninde oynayaca\u011f\u0131 Ankarag\u00fcc\u00fc randevusunda 20 ya\u015f\u0131ndaki ulusal file bek\u00e7isinin birinci 11&#8217;de vazife almas\u0131 bekleniyor.<\/p>\n<p> Bu d\u00f6nem 6 penalt\u0131 vuru\u015funu kurtararak t\u00fcm dikkatleri \u00fczerine \u00e7eken kaleci Arif, son olarak 8 Kas\u0131m&#8217;da \u0130zmir&#8217;de oynanan \u015eanl\u0131urfaspor kar\u015f\u0131la\u015fmas\u0131nda vazife yapt\u0131. Men cezas\u0131 ald\u0131\u011f\u0131 s\u00fcre\u00e7te 12 ma\u00e7 ka\u00e7\u0131ran gen\u00e7 eldiven, bu hafta Ba\u015f\u015fehir tak\u0131m\u0131 kar\u015f\u0131s\u0131nda 91 g\u00fcn sonra resmi bir kar\u015f\u0131la\u015fmada oynayacak.<\/p>\n<\/div>\n","protected":false},"excerpt":{"rendered":"<p>2. Ligde s\u0131k\u0131nt\u0131 g\u00fcnler ge\u00e7iren Alt\u0131nordu&#8217;da cezas\u0131n\u0131 tamamlayan Arif \u015eim\u015fir, kaledeki yerini almaya haz\u0131rlan\u0131yor<\/p>\n","protected":false},"author":1,"featured_media":56368,"comment_status":"open","ping_status":"open","sticky":false,"template":"","format":"standard","meta":{"footnotes":""},"categories":[25],"tags":[],"class_list":["post-56367","post","type-post","status-publish","format-standard","has-post-thumbnail","hentry","category-futbol"],"_links":{"self":[{"href":"https:\/\/haberbesiktas.tr\/index.php?rest_route=\/wp\/v2\/posts\/56367","targetHints":{"allow":["GET"]}}],"collection":[{"href":"https:\/\/haberbesiktas.tr\/index.php?rest_route=\/wp\/v2\/posts"}],"about":[{"href":"https:\/\/haberbesiktas.tr\/index.php?rest_route=\/wp\/v2\/types\/post"}],"author":[{"embeddable":true,"href":"https:\/\/haberbesiktas.tr\/index.php?rest_route=\/wp\/v2\/users\/1"}],"replies":[{"embeddable":true,"href":"https:\/\/haberbesiktas.tr\/index.php?rest_route=%2Fwp%2Fv2%2Fcomments&post=56367"}],"version-history":[{"count":1,"href":"https:\/\/haberbesiktas.tr\/index.php?rest_route=\/wp\/v2\/posts\/56367\/revisions"}],"predecessor-version":[{"id":56369,"href":"https:\/\/haberbesiktas.tr\/index.php?rest_route=\/wp\/v2\/posts\/56367\/revisions\/56369"}],"wp:featuredmedia":[{"embeddable":true,"href":"https:\/\/haberbesiktas.tr\/index.php?rest_route=\/wp\/v2\/media\/56368"}],"wp:attachment":[{"href":"https:\/\/haberbesiktas.tr\/index.php?rest_route=%2Fwp%2Fv2%2Fmedia&parent=56367"}],"wp:term":[{"taxonomy":"category","embeddable":true,"href":"https:\/\/haberbesiktas.tr\/index.php?rest_route=%2Fwp%2Fv2%2Fcategories&post=56367"},{"taxonomy":"post_tag","embeddable":true,"href":"https:\/\/haberbesiktas.tr\/index.php?rest_route=%2Fwp%2Fv2%2Ftags&post=56367"}],"curies":[{"name":"wp","href":"https:\/\/api.w.org\/{rel}","templated":true}]}}