{"id":56373,"date":"2026-02-04T02:00:06","date_gmt":"2026-02-04T02:00:06","guid":{"rendered":"https:\/\/haberbesiktas.tr\/?p=56373"},"modified":"2026-02-04T02:00:06","modified_gmt":"2026-02-04T02:00:06","slug":"besiktasa-gidecekti-manchester-united-izin-vermedi","status":"publish","type":"post","link":"https:\/\/haberbesiktas.tr\/?p=56373","title":{"rendered":"Be\u015fikta\u015f&#8217;a gidecekti, Manchester United izin vermedi!"},"content":{"rendered":"<div>Transfer devrinin son g\u00fcnlerinde Be\u015fikta\u015f&#8217;a imza atmaya haz\u0131rlanan Tyrell Malacia ile Manchester United idaresi ortas\u0131nda kriz \u00e7\u0131kt\u0131\u011f\u0131 arg\u00fcman edildi.<\/p>\n<p> \u0130ngiliz bas\u0131n\u0131nda yer alan haberlere nazaran; Hollandal\u0131 sol bek, Be\u015fikta\u015f&#8217;a transferini tamamlamak \u00fczere T\u00fcrkiye&#8217;ye gidecek u\u00e7a\u011fa binmek \u00fczereyken Manchester United Futbol Y\u00f6neticisi Jason Wilcox&#8217;un devreye girmesiyle b\u00fcy\u00fck bir \u015fok ya\u015fad\u0131. Wilcox&#8217;un, son anda transferi durdurdu\u011fu ve Malacia&#8217;ya ekipte kalmas\u0131n\u0131 iletti\u011fi \u00f6ne s\u00fcr\u00fcld\u00fc.<\/p>\n<p> Bu geli\u015fme sonras\u0131 25 ya\u015f\u0131ndaki futbolcunun hayli sonland\u0131\u011f\u0131 ve bilhassa Jason Wilcox&#8217;a b\u00fcy\u00fck reaksiyon g\u00f6sterdi\u011fi tabir edildi. <\/p>\n<p> <strong>&#8220;SAYGISIZIK&#8221; DED\u0130!<\/strong><\/p>\n<p> Malacia&#8217;n\u0131n, transferinin engellenmesini &#8220;sayg\u0131s\u0131zl\u0131k&#8221; olarak g\u00f6rd\u00fc\u011f\u00fc ve bu durumdan son derece rahats\u0131z oldu\u011fu belirtiliyor.<\/p>\n<p> <strong>TRANSFER ASKIYA ALINDI<\/strong><\/p>\n<p> Be\u015fikta\u015f cephesinin ise son ana kadar umudunu korudu\u011fu, lakin Manchester United idaresinin karar\u0131 sonras\u0131 transferin ask\u0131ya al\u0131nd\u0131\u011f\u0131 kaydedildi. Ya\u015fanan bu kriz, Malacia&#8217;n\u0131n d\u00f6nemin geri kalan\u0131ndaki durumuna ve kul\u00fcpteki gelece\u011fine dair soru i\u015faretlerini de beraberinde getirdi.<\/p>\n<\/div>\n","protected":false},"excerpt":{"rendered":"<p>Be\u015fikta\u015f&#8217;a transferi ger\u00e7ekle\u015fmeyen Tyrell Malacia ile Manchester United ortas\u0131nda kriz \u00e7\u0131kt\u0131. \u0130\u015fte ya\u015fananlar&#8230;<\/p>\n","protected":false},"author":1,"featured_media":56374,"comment_status":"open","ping_status":"open","sticky":false,"template":"","format":"standard","meta":{"footnotes":""},"categories":[25],"tags":[48],"class_list":["post-56373","post","type-post","status-publish","format-standard","has-post-thumbnail","hentry","category-futbol","tag-transfer"],"_links":{"self":[{"href":"https:\/\/haberbesiktas.tr\/index.php?rest_route=\/wp\/v2\/posts\/56373","targetHints":{"allow":["GET"]}}],"collection":[{"href":"https:\/\/haberbesiktas.tr\/index.php?rest_route=\/wp\/v2\/posts"}],"about":[{"href":"https:\/\/haberbesiktas.tr\/index.php?rest_route=\/wp\/v2\/types\/post"}],"author":[{"embeddable":true,"href":"https:\/\/haberbesiktas.tr\/index.php?rest_route=\/wp\/v2\/users\/1"}],"replies":[{"embeddable":true,"href":"https:\/\/haberbesiktas.tr\/index.php?rest_route=%2Fwp%2Fv2%2Fcomments&post=56373"}],"version-history":[{"count":1,"href":"https:\/\/haberbesiktas.tr\/index.php?rest_route=\/wp\/v2\/posts\/56373\/revisions"}],"predecessor-version":[{"id":56375,"href":"https:\/\/haberbesiktas.tr\/index.php?rest_route=\/wp\/v2\/posts\/56373\/revisions\/56375"}],"wp:featuredmedia":[{"embeddable":true,"href":"https:\/\/haberbesiktas.tr\/index.php?rest_route=\/wp\/v2\/media\/56374"}],"wp:attachment":[{"href":"https:\/\/haberbesiktas.tr\/index.php?rest_route=%2Fwp%2Fv2%2Fmedia&parent=56373"}],"wp:term":[{"taxonomy":"category","embeddable":true,"href":"https:\/\/haberbesiktas.tr\/index.php?rest_route=%2Fwp%2Fv2%2Fcategories&post=56373"},{"taxonomy":"post_tag","embeddable":true,"href":"https:\/\/haberbesiktas.tr\/index.php?rest_route=%2Fwp%2Fv2%2Ftags&post=56373"}],"curies":[{"name":"wp","href":"https:\/\/api.w.org\/{rel}","templated":true}]}}