{"id":56443,"date":"2026-02-04T06:48:07","date_gmt":"2026-02-04T06:48:07","guid":{"rendered":"https:\/\/haberbesiktas.tr\/?p=56443"},"modified":"2026-02-04T06:48:07","modified_gmt":"2026-02-04T06:48:07","slug":"gaziantepte-bacuna-volendama-kiralandi","status":"publish","type":"post","link":"https:\/\/haberbesiktas.tr\/?p=56443","title":{"rendered":"Gaziantep&#8217;te Bacuna, Volendam&#8217;a kiraland\u0131"},"content":{"rendered":"<div>\n<div>\n<div><span>S\u00fcper Lig gruplar\u0131ndan Gaziantep FK, orta saha oyuncusu Juninho Bacuna&#8217;n\u0131n, d\u00f6nem sonuna kadar Hollanda Eredivisie gruplar\u0131ndan FC Volendam&#8217;a kiraland\u0131\u011f\u0131n\u0131 bildirdi.<\/span><\/div>\n<\/p><\/div>\n<div>\n<div> Kul\u00fcpten yap\u0131lan a\u00e7\u0131klamada, Bacuna&#8217;n\u0131n FC Volendam&#8217;a s\u00fcreksiz transferi konusunda mutabakata var\u0131ld\u0131\u011f\u0131 belirtildi.<\/p>\n<p> A\u00e7\u0131klamada, <strong>&#8220;Profesyonel Futbol Grubu oyuncular\u0131m\u0131zdan Juninho Bacuna&#8217;n\u0131n d\u00f6nem sonuna kadar s\u00fcreksiz transferi konusunda FC Volendam ile muahedeye var\u0131lm\u0131\u015ft\u0131r. Juninho Bacuna&#8217;ya FC Volendam&#8217;da g\u00f6n\u00fclden muvaffakiyetler dileriz.&#8221;<\/strong> denildi.<\/p>\n<p>Bacuna, bu d\u00f6nem Gaziantep formas\u0131yla ligde ve kupada toplam 463 dakika m\u00fchlet ald\u0131 ve grubuna 1 gol &#8211; 1 asistlik katk\u0131 sa\u011flad\u0131.<\/p><\/div>\n<\/p><\/div>\n<\/div>\n","protected":false},"excerpt":{"rendered":"<p>Gaziantep FK, Bacuna&#8217;y\u0131 d\u00f6nem sonuna kadar Volendam&#8217;a kiraland\u0131\u011f\u0131n\u0131 a\u00e7\u0131klad\u0131<\/p>\n","protected":false},"author":1,"featured_media":56444,"comment_status":"open","ping_status":"open","sticky":false,"template":"","format":"standard","meta":{"footnotes":""},"categories":[25],"tags":[],"class_list":["post-56443","post","type-post","status-publish","format-standard","has-post-thumbnail","hentry","category-futbol"],"_links":{"self":[{"href":"https:\/\/haberbesiktas.tr\/index.php?rest_route=\/wp\/v2\/posts\/56443","targetHints":{"allow":["GET"]}}],"collection":[{"href":"https:\/\/haberbesiktas.tr\/index.php?rest_route=\/wp\/v2\/posts"}],"about":[{"href":"https:\/\/haberbesiktas.tr\/index.php?rest_route=\/wp\/v2\/types\/post"}],"author":[{"embeddable":true,"href":"https:\/\/haberbesiktas.tr\/index.php?rest_route=\/wp\/v2\/users\/1"}],"replies":[{"embeddable":true,"href":"https:\/\/haberbesiktas.tr\/index.php?rest_route=%2Fwp%2Fv2%2Fcomments&post=56443"}],"version-history":[{"count":1,"href":"https:\/\/haberbesiktas.tr\/index.php?rest_route=\/wp\/v2\/posts\/56443\/revisions"}],"predecessor-version":[{"id":56445,"href":"https:\/\/haberbesiktas.tr\/index.php?rest_route=\/wp\/v2\/posts\/56443\/revisions\/56445"}],"wp:featuredmedia":[{"embeddable":true,"href":"https:\/\/haberbesiktas.tr\/index.php?rest_route=\/wp\/v2\/media\/56444"}],"wp:attachment":[{"href":"https:\/\/haberbesiktas.tr\/index.php?rest_route=%2Fwp%2Fv2%2Fmedia&parent=56443"}],"wp:term":[{"taxonomy":"category","embeddable":true,"href":"https:\/\/haberbesiktas.tr\/index.php?rest_route=%2Fwp%2Fv2%2Fcategories&post=56443"},{"taxonomy":"post_tag","embeddable":true,"href":"https:\/\/haberbesiktas.tr\/index.php?rest_route=%2Fwp%2Fv2%2Ftags&post=56443"}],"curies":[{"name":"wp","href":"https:\/\/api.w.org\/{rel}","templated":true}]}}