{"id":5649,"date":"2025-01-23T01:59:51","date_gmt":"2025-01-23T01:59:51","guid":{"rendered":"https:\/\/haberbesiktas.tr\/?p=5649"},"modified":"2025-01-23T01:59:51","modified_gmt":"2025-01-23T01:59:51","slug":"fluminenseden-arias-icin-zenite-ret","status":"publish","type":"post","link":"https:\/\/haberbesiktas.tr\/?p=5649","title":{"rendered":"Fluminense&#8217;den Arias i\u00e7in Zenit&#8217;e ret!"},"content":{"rendered":"<div>Zenit, Fluminense formas\u0131 giyen ve Galatasaray&#8217;\u0131n da transfer g\u00fcndemine gelen Jhon Arias i\u00e7in harekete ge\u00e7ti.<\/p>\n<p> Globo Esporte&#8217;de yer alan habere nazaran, Arias ile ilgilenen Zenit, Fluminense ile g\u00f6r\u00fc\u015ft\u00fc ve Brezilya temsilcisine 10 milyon euro&#8217;luk teklifte bulundu.<\/p>\n<p> <strong>10 M\u0130LYON EURO KABUL ED\u0130LMED\u0130<\/strong><\/p>\n<p> Fluminense&#8217;nin 27 ya\u015f\u0131ndaki futbolcu i\u00e7in Zenit&#8217;ten gelen bu teklifi yetersiz buldu\u011fu ve kabul etmedi\u011fi belirtildi.<\/p>\n<p> Brezilya grubunun Zenit&#8217;ten gelen teklifi kabul etmemesinin Arias i\u00e7in de olumlu bir haber oldu\u011fu ve Avrupa&#8217;ya transfer olmak isteyen Kolombiyal\u0131 futbolcu i\u00e7in UEFA yapt\u0131r\u0131mlar\u0131 olan Rusya&#8217;ya transferin \u00fclk\u00fc se\u00e7enek olmad\u0131\u011f\u0131 kaydedildi.<\/p>\n<p> <strong>RAK\u0130PLERE BIRAKMAK \u0130STEM\u0130YOR<\/strong><\/p>\n<p> Arias ile ayr\u0131yeten Brezilya&#8217;dan Palmeiras ve Cruzeiro \u00fczere kadrolar\u0131n ilgilendi\u011fi fakat 27 ya\u015f\u0131ndaki futbolcunun Avrupa&#8217;ya transfer olmak istedi\u011fi ve Fluminense&#8217;nin oyuncusunu rakiplerine b\u0131rakmak istemedi\u011fi i\u00e7in Brezilya i\u00e7i transfere kap\u0131y\u0131 kapatt\u0131\u011f\u0131 aktar\u0131ld\u0131.<\/p>\n<p> <strong>T\u00dcRK\u0130YE VE RUSYA&#8217;YA RET!<\/strong><\/p>\n<p> Fluminense&#8217;nin Arias&#8217;\u0131n Avrupa&#8217;ya transfer olma iste\u011finin fark\u0131nda oldu\u011fu ve istedikleri tekliflerin gelmesi durumunda bunlar\u0131 de\u011ferlendirebilece\u011fi s\u00f6z edildi.<\/p>\n<p> Brezilya bas\u0131n\u0131ndaki haberde, Fluminense&#8217;nin Arias i\u00e7in Zenit&#8217;in teklifi ile birlikte daha evvel de T\u00fcrkiye ve Rusya&#8217;dan gelen teklifleri de geri \u00e7evirdi\u011fi belirtildi.<\/p>\n<p> Fluminense ile 2026 y\u0131l\u0131na kadar kontrat\u0131 bulunan Arias&#8217;\u0131n yeni piyasa pahas\u0131 16 milyon euro olarak g\u00f6steriliyor.<\/p>\n<\/div>\n","protected":false},"excerpt":{"rendered":"<p>Zenit, Jhon Arias i\u00e7in Fluminense&#8217;ye 10 milyon euro teklif etti. Fluminense, bu teklifi geri \u00e7evirdi.<\/p>\n","protected":false},"author":1,"featured_media":5650,"comment_status":"open","ping_status":"open","sticky":false,"template":"","format":"standard","meta":{"footnotes":""},"categories":[25],"tags":[775,777,776,48],"class_list":["post-5649","post","type-post","status-publish","format-standard","has-post-thumbnail","hentry","category-futbol","tag-arias","tag-brezilya","tag-fluminense","tag-transfer"],"_links":{"self":[{"href":"https:\/\/haberbesiktas.tr\/index.php?rest_route=\/wp\/v2\/posts\/5649","targetHints":{"allow":["GET"]}}],"collection":[{"href":"https:\/\/haberbesiktas.tr\/index.php?rest_route=\/wp\/v2\/posts"}],"about":[{"href":"https:\/\/haberbesiktas.tr\/index.php?rest_route=\/wp\/v2\/types\/post"}],"author":[{"embeddable":true,"href":"https:\/\/haberbesiktas.tr\/index.php?rest_route=\/wp\/v2\/users\/1"}],"replies":[{"embeddable":true,"href":"https:\/\/haberbesiktas.tr\/index.php?rest_route=%2Fwp%2Fv2%2Fcomments&post=5649"}],"version-history":[{"count":1,"href":"https:\/\/haberbesiktas.tr\/index.php?rest_route=\/wp\/v2\/posts\/5649\/revisions"}],"predecessor-version":[{"id":5651,"href":"https:\/\/haberbesiktas.tr\/index.php?rest_route=\/wp\/v2\/posts\/5649\/revisions\/5651"}],"wp:featuredmedia":[{"embeddable":true,"href":"https:\/\/haberbesiktas.tr\/index.php?rest_route=\/wp\/v2\/media\/5650"}],"wp:attachment":[{"href":"https:\/\/haberbesiktas.tr\/index.php?rest_route=%2Fwp%2Fv2%2Fmedia&parent=5649"}],"wp:term":[{"taxonomy":"category","embeddable":true,"href":"https:\/\/haberbesiktas.tr\/index.php?rest_route=%2Fwp%2Fv2%2Fcategories&post=5649"},{"taxonomy":"post_tag","embeddable":true,"href":"https:\/\/haberbesiktas.tr\/index.php?rest_route=%2Fwp%2Fv2%2Ftags&post=5649"}],"curies":[{"name":"wp","href":"https:\/\/api.w.org\/{rel}","templated":true}]}}