{"id":56502,"date":"2026-02-04T10:24:08","date_gmt":"2026-02-04T10:24:08","guid":{"rendered":"https:\/\/haberbesiktas.tr\/?p=56502"},"modified":"2026-02-04T10:24:08","modified_gmt":"2026-02-04T10:24:08","slug":"fenerbahceye-melissa-vargastan-kotu-haber","status":"publish","type":"post","link":"https:\/\/haberbesiktas.tr\/?p=56502","title":{"rendered":"Fenerbah\u00e7e&#8217;ye Melissa Vargas&#8217;tan k\u00f6t\u00fc haber"},"content":{"rendered":"<p>Fenerbah\u00e7e Medicana Bayan Voleybol Grubu, ulusal voleybolcu Melissa Vargas&#8217;\u0131n 4 \u015eubat \u00c7ar\u015famba g\u00fcn\u00fc oynanacak PGE Budowlani \u00e7abas\u0131nda forma giyemeyece\u011fini duyurdu.<\/p>\n<p> Sar\u0131-lacivertli kul\u00fcpten yap\u0131lan a\u00e7\u0131klamada, Vargas&#8217;\u0131n \u00fcst teneff\u00fcs yolu enfeksiyonu s\u00fcrecine y\u00f6nelik tedavisinin planland\u0131\u011f\u0131 halde devam etti\u011fi belirtildi.<\/p>\n<p> Kul\u00fcp, oyuncunun idman eksikli\u011fi ve tam g\u00fczelle\u015fmesinin sa\u011fl\u0131kl\u0131 bi\u00e7imde tamamlanmas\u0131 hedefiyle teknik ve s\u0131hhat tak\u0131m\u0131n\u0131n ortak de\u011ferlendirmesi do\u011frultusunda \u00e7ar\u015famba g\u00fcn\u00fc oynanacak kar\u015f\u0131la\u015fmada forma giyemeyece\u011fini duyurdu. <\/p>\n<p> Fenerbah\u00e7e Medicana, yar\u0131n CEV Zeren Group \u015eampiyonlar Ligi 6. hafta gayretinde Polonya&#8217;n\u0131n PGE Budowlani tak\u0131m\u0131n\u0131 konuk edecek. Burhan Felek Vestel Voleybol Salonu&#8217;ndaki m\u00fcsabaka 19.00&#8217;da ba\u015flayacak.<\/p>\n","protected":false},"excerpt":{"rendered":"<p>Fenerbah\u00e7e Medicana, Melissa Vargas&#8217;\u0131n \u00fcst teneff\u00fcs enfeksiyonu nedeniyle 4 \u015eubat \u00c7ar\u015famba g\u00fcn\u00fc oynanacak  PGE Budowlani  ma\u00e7\u0131nda forma giyemeyece\u011fini a\u00e7\u0131klad\u0131.<\/p>\n","protected":false},"author":1,"featured_media":56503,"comment_status":"open","ping_status":"open","sticky":false,"template":"","format":"standard","meta":{"footnotes":""},"categories":[39],"tags":[],"class_list":["post-56502","post","type-post","status-publish","format-standard","has-post-thumbnail","hentry","category-voleybol"],"_links":{"self":[{"href":"https:\/\/haberbesiktas.tr\/index.php?rest_route=\/wp\/v2\/posts\/56502","targetHints":{"allow":["GET"]}}],"collection":[{"href":"https:\/\/haberbesiktas.tr\/index.php?rest_route=\/wp\/v2\/posts"}],"about":[{"href":"https:\/\/haberbesiktas.tr\/index.php?rest_route=\/wp\/v2\/types\/post"}],"author":[{"embeddable":true,"href":"https:\/\/haberbesiktas.tr\/index.php?rest_route=\/wp\/v2\/users\/1"}],"replies":[{"embeddable":true,"href":"https:\/\/haberbesiktas.tr\/index.php?rest_route=%2Fwp%2Fv2%2Fcomments&post=56502"}],"version-history":[{"count":1,"href":"https:\/\/haberbesiktas.tr\/index.php?rest_route=\/wp\/v2\/posts\/56502\/revisions"}],"predecessor-version":[{"id":56504,"href":"https:\/\/haberbesiktas.tr\/index.php?rest_route=\/wp\/v2\/posts\/56502\/revisions\/56504"}],"wp:featuredmedia":[{"embeddable":true,"href":"https:\/\/haberbesiktas.tr\/index.php?rest_route=\/wp\/v2\/media\/56503"}],"wp:attachment":[{"href":"https:\/\/haberbesiktas.tr\/index.php?rest_route=%2Fwp%2Fv2%2Fmedia&parent=56502"}],"wp:term":[{"taxonomy":"category","embeddable":true,"href":"https:\/\/haberbesiktas.tr\/index.php?rest_route=%2Fwp%2Fv2%2Fcategories&post=56502"},{"taxonomy":"post_tag","embeddable":true,"href":"https:\/\/haberbesiktas.tr\/index.php?rest_route=%2Fwp%2Fv2%2Ftags&post=56502"}],"curies":[{"name":"wp","href":"https:\/\/api.w.org\/{rel}","templated":true}]}}