{"id":56511,"date":"2026-02-04T11:00:09","date_gmt":"2026-02-04T11:00:09","guid":{"rendered":"https:\/\/haberbesiktas.tr\/?p=56511"},"modified":"2026-02-04T11:00:09","modified_gmt":"2026-02-04T11:00:09","slug":"super-ligde-20-haftanin-var-kayitlari","status":"publish","type":"post","link":"https:\/\/haberbesiktas.tr\/?p=56511","title":{"rendered":"S\u00fcper Lig&#8217;de 20. haftan\u0131n VAR kay\u0131tlar\u0131"},"content":{"rendered":"<div>T\u00fcrkiye Futbol Federasyonu, Trendyol S\u00fcper Lig&#8217;de 20. haftan\u0131n VAR kay\u0131tlar\u0131n\u0131 yay\u0131mlad\u0131.<\/p>\n<p>\u0130\u015fte haftan\u0131n VAR kay\u0131tlar\u0131;<\/p>\n<div>Be\u015fikta\u015f &#8211; Konyaspor m\u00fcsabakas\u0131nda 80. dakikada Kristjan Asllani&#8217;nin g\u00f6rd\u00fc\u011f\u00fc k\u0131rm\u0131z\u0131 kart durumu:<\/div>\n<div> <strong>VAR:<\/strong> &#8220;VAR konu\u015fuyor, VAR konu\u015fuyor.&#8221;<\/p>\n<p> <strong>Batuhan Kolak:<\/strong> &#8220;Evet&#8221; <\/p>\n<p> <strong>VAR:<\/strong> &#8220;Potansiyel k\u0131rm\u0131z\u0131 kart i\u00e7in sana alanda inceleme \u00f6neriyorum.&#8221;<\/p>\n<p> <strong>Batuhan Kolak:<\/strong> &#8220;Tamam&#8221;<\/p>\n<p> <strong>VAR:<\/strong> &#8220;Temas noktas\u0131 ile ba\u015flayaca\u011f\u0131m hocam. Sonras\u0131nda loop g\u00f6sterece\u011fim.&#8221;<\/p>\n<p> <strong>Batuhan Kolak:<\/strong> &#8220;Geldim hocam. G\u00f6rd\u00fcm temas noktas\u0131n\u0131.&#8221;<\/p>\n<p> <strong>VAR:<\/strong> &#8220;Bir a\u00e7\u0131m daha var istersen.&#8221;<\/p>\n<p> <strong>Batuhan Kolak:<\/strong> &#8220;Tamam. Bunu tekrar oynatabilir misin?&#8221;<\/p>\n<p> <strong>VAR:<\/strong> &#8220;23 numara.&#8221;<\/p>\n<p> <strong>Batuhan Kolak:<\/strong> &#8220;Tamam benim i\u00e7in k\u00e2fi 23 numaraya k\u0131rm\u0131z\u0131 kart g\u00f6steriyorum. Te\u015fekk\u00fcr ederim.&#8221;<\/p>\n<p> <strong>VAR:<\/strong> &#8220;Tamamd\u0131r.&#8221;<\/p><\/div>\n<div>\u00a0<\/div>\n<\/p><\/div>\n","protected":false},"excerpt":{"rendered":"<p>Trendyol S\u00fcper Lig&#8217;de 20. haftan\u0131n VAR kay\u0131tlar\u0131 a\u00e7\u0131kland\u0131.<\/p>\n","protected":false},"author":1,"featured_media":56512,"comment_status":"open","ping_status":"open","sticky":false,"template":"","format":"standard","meta":{"footnotes":""},"categories":[25],"tags":[],"class_list":["post-56511","post","type-post","status-publish","format-standard","has-post-thumbnail","hentry","category-futbol"],"_links":{"self":[{"href":"https:\/\/haberbesiktas.tr\/index.php?rest_route=\/wp\/v2\/posts\/56511","targetHints":{"allow":["GET"]}}],"collection":[{"href":"https:\/\/haberbesiktas.tr\/index.php?rest_route=\/wp\/v2\/posts"}],"about":[{"href":"https:\/\/haberbesiktas.tr\/index.php?rest_route=\/wp\/v2\/types\/post"}],"author":[{"embeddable":true,"href":"https:\/\/haberbesiktas.tr\/index.php?rest_route=\/wp\/v2\/users\/1"}],"replies":[{"embeddable":true,"href":"https:\/\/haberbesiktas.tr\/index.php?rest_route=%2Fwp%2Fv2%2Fcomments&post=56511"}],"version-history":[{"count":1,"href":"https:\/\/haberbesiktas.tr\/index.php?rest_route=\/wp\/v2\/posts\/56511\/revisions"}],"predecessor-version":[{"id":56513,"href":"https:\/\/haberbesiktas.tr\/index.php?rest_route=\/wp\/v2\/posts\/56511\/revisions\/56513"}],"wp:featuredmedia":[{"embeddable":true,"href":"https:\/\/haberbesiktas.tr\/index.php?rest_route=\/wp\/v2\/media\/56512"}],"wp:attachment":[{"href":"https:\/\/haberbesiktas.tr\/index.php?rest_route=%2Fwp%2Fv2%2Fmedia&parent=56511"}],"wp:term":[{"taxonomy":"category","embeddable":true,"href":"https:\/\/haberbesiktas.tr\/index.php?rest_route=%2Fwp%2Fv2%2Fcategories&post=56511"},{"taxonomy":"post_tag","embeddable":true,"href":"https:\/\/haberbesiktas.tr\/index.php?rest_route=%2Fwp%2Fv2%2Ftags&post=56511"}],"curies":[{"name":"wp","href":"https:\/\/api.w.org\/{rel}","templated":true}]}}