{"id":56518,"date":"2026-02-04T11:24:08","date_gmt":"2026-02-04T11:24:08","guid":{"rendered":"https:\/\/haberbesiktas.tr\/?p=56518"},"modified":"2026-02-04T11:24:08","modified_gmt":"2026-02-04T11:24:08","slug":"hyeon-gyu-oh-besiktas-icin-geliyor","status":"publish","type":"post","link":"https:\/\/haberbesiktas.tr\/?p=56518","title":{"rendered":"Hyeon-gyu Oh, Be\u015fikta\u015f i\u00e7in geliyor!"},"content":{"rendered":"<div>Transfer \u00e7al\u0131\u015fmalar\u0131n\u0131 s\u00fcrd\u00fcren Be\u015fikta\u015f, Tammy Abraham&#8217;\u0131n ayr\u0131lmas\u0131n\u0131n akabinde forvet i\u00e7in de\u011ferli bir atak yapt\u0131.<\/p>\n<p> Siyah-beyazl\u0131lar, Genk formas\u0131 giyen 24 ya\u015f\u0131ndaki G\u00fcney Koreli forvet <strong>Hyeon-gyu Oh<\/strong>&#8216;un transferi i\u00e7in Bel\u00e7ika grubu ile b\u00fcy\u00fck oranda mutabakat sa\u011flad\u0131.<\/p>\n<p><strong>\u0130STANBUL&#8217;A GEL\u0130YOR<\/strong><\/p>\n<p> Be\u015fikta\u015f, 15 milyon euro kar\u015f\u0131l\u0131\u011f\u0131nda tak\u0131m\u0131na kataca\u011f\u0131 Hyeon-gyu Oh&#8217;u 4 \u015eubat \u00c7ar\u015famba g\u00fcn\u00fc sabah saatlerinde \u0130stanbul&#8217;a getirmeyi planl\u0131yor. G\u00fcney Koreli y\u0131ld\u0131z\u0131n saat 13.30&#8217;da \u0130stanbul&#8217;da olmas\u0131 bekleniyor.<\/p>\n<p><strong>BU D\u00d6NEM NE YAPTI?<\/strong> <\/p>\n<p> Bu d\u00f6nem Genk&#8217;te 32 resmi ma\u00e7a \u00e7\u0131kan Hyeon-gyu Oh, 10 gol ve 3 asistlik performans sergiledi.<\/p>\n<p> 1,87 uzunlu\u011fundaki Hyeon-gyu Oh, G\u00fcney Kore Ulusal Grubu&#8217;nun formas\u0131n\u0131 24 sefer giydi ve 6 gol kaydetti.<\/p>\n<blockquote class=\"twitter-tweet\" data-width=\"500\" data-dnt=\"true\">\n<p lang=\"tr\" dir=\"ltr\">Be\u015fikta\u015f, Hyeon-gyu Oh&#39;u k\u0131sa s\u00fcre i\u00e7erisinde \u0130stanbul&#39;a getirmek istiyor. \u231b\ufe0f<a href=\"https:\/\/t.co\/783Qt8fYiO\" rel=\"nofollow\">pic.twitter.com\/783Qt8fYiO<\/a> <a href=\"https:\/\/t.co\/8tBVq7oOCB\" rel=\"nofollow\">https:\/\/t.co\/8tBVq7oOCB<\/a><\/p>\n<p>&mdash; Sporx (@sporx) <a href=\"https:\/\/twitter.com\/sporx\/status\/2018440910946644025?ref_src=twsrc%5Etfw\" rel=\"nofollow noopener\" target=\"_blank\">February 2, 2026<\/a><\/p><\/blockquote>\n<p><script async src=\"https:\/\/platform.twitter.com\/widgets.js\" charset=\"utf-8\"><\/script><\/p>\n<\/p><\/div>\n","protected":false},"excerpt":{"rendered":"<p>Be\u015fikta\u015f, Genk formas\u0131 giyen G\u00fcney Koreli forvet Hyeon-gyu Oh&#8217;un transferinde sona yakla\u015ft\u0131. 24 ya\u015f\u0131ndaki  ya\u015f\u0131ndaki futbolcunun \u0130stanbul&#8217;a geli\u015f tarihi ve saati a\u015fik\u00e2r oldu.<\/p>\n","protected":false},"author":1,"featured_media":56520,"comment_status":"open","ping_status":"open","sticky":false,"template":"","format":"standard","meta":{"footnotes":""},"categories":[25],"tags":[],"class_list":["post-56518","post","type-post","status-publish","format-standard","has-post-thumbnail","hentry","category-futbol"],"_links":{"self":[{"href":"https:\/\/haberbesiktas.tr\/index.php?rest_route=\/wp\/v2\/posts\/56518","targetHints":{"allow":["GET"]}}],"collection":[{"href":"https:\/\/haberbesiktas.tr\/index.php?rest_route=\/wp\/v2\/posts"}],"about":[{"href":"https:\/\/haberbesiktas.tr\/index.php?rest_route=\/wp\/v2\/types\/post"}],"author":[{"embeddable":true,"href":"https:\/\/haberbesiktas.tr\/index.php?rest_route=\/wp\/v2\/users\/1"}],"replies":[{"embeddable":true,"href":"https:\/\/haberbesiktas.tr\/index.php?rest_route=%2Fwp%2Fv2%2Fcomments&post=56518"}],"version-history":[{"count":1,"href":"https:\/\/haberbesiktas.tr\/index.php?rest_route=\/wp\/v2\/posts\/56518\/revisions"}],"predecessor-version":[{"id":56521,"href":"https:\/\/haberbesiktas.tr\/index.php?rest_route=\/wp\/v2\/posts\/56518\/revisions\/56521"}],"wp:featuredmedia":[{"embeddable":true,"href":"https:\/\/haberbesiktas.tr\/index.php?rest_route=\/wp\/v2\/media\/56520"}],"wp:attachment":[{"href":"https:\/\/haberbesiktas.tr\/index.php?rest_route=%2Fwp%2Fv2%2Fmedia&parent=56518"}],"wp:term":[{"taxonomy":"category","embeddable":true,"href":"https:\/\/haberbesiktas.tr\/index.php?rest_route=%2Fwp%2Fv2%2Fcategories&post=56518"},{"taxonomy":"post_tag","embeddable":true,"href":"https:\/\/haberbesiktas.tr\/index.php?rest_route=%2Fwp%2Fv2%2Ftags&post=56518"}],"curies":[{"name":"wp","href":"https:\/\/api.w.org\/{rel}","templated":true}]}}