{"id":56522,"date":"2026-02-04T11:36:10","date_gmt":"2026-02-04T11:36:10","guid":{"rendered":"https:\/\/haberbesiktas.tr\/?p=56522"},"modified":"2026-02-04T11:36:10","modified_gmt":"2026-02-04T11:36:10","slug":"eyupspora-senegalden-genc-takviye-diabel-ndoye","status":"publish","type":"post","link":"https:\/\/haberbesiktas.tr\/?p=56522","title":{"rendered":"Ey\u00fcpspor&#8217;a Senegal&#8217;den gen\u00e7 takviye: Diabel Ndoye"},"content":{"rendered":"<div>\n<p>Transfer \u00e7al\u0131\u015fmalar\u0131n\u0131 s\u00fcrd\u00fcren ikas Ey\u00fcpspor, Senegalli futbolcu<strong> Diabel Ndoye<\/strong>&#8216;yi tak\u0131m\u0131na katt\u0131.<\/p>\n<p> Eflatun-sar\u0131l\u0131 kul\u00fcpten yap\u0131lan a\u00e7\u0131klamada, Senegal gruplar\u0131ndan Academie Foot Salam formas\u0131 giyen oyuncuyla mukavele imzaland\u0131\u011f\u0131 belirtildi.<\/p>\n<p> A\u00e7\u0131klamada, &#8220;<strong>Yeni transferimiz Diabel Ndoye&#8217;ye Semt-i Mukaddes&#8217;e &#8216;ho\u015f geldin&#8217; diyor; eflatun-sar\u0131l\u0131 formam\u0131z ile ba\u015far\u0131l\u0131 bir d\u00f6nem diliyoruz.&#8221;<\/strong> tabirleri kullan\u0131ld\u0131.<\/p>\n<p><img decoding=\"async\" src=\"https:\/\/haberbesiktas.tr\/wp-content\/uploads\/2026\/02\/eyupspora-senegalden-genc-takviye-diabel-ndoye-0-79JqVmYq.jpeg\"\/><\/p>\n<\/div>\n","protected":false},"excerpt":{"rendered":"<p>Ey\u00fcpspor, Senegalli futbolcu Diabel Ndoye&#8217;yi tak\u0131m\u0131na katt\u0131\u011f\u0131n\u0131 a\u00e7\u0131klad\u0131.<\/p>\n","protected":false},"author":1,"featured_media":56523,"comment_status":"open","ping_status":"open","sticky":false,"template":"","format":"standard","meta":{"footnotes":""},"categories":[25],"tags":[],"class_list":["post-56522","post","type-post","status-publish","format-standard","has-post-thumbnail","hentry","category-futbol"],"_links":{"self":[{"href":"https:\/\/haberbesiktas.tr\/index.php?rest_route=\/wp\/v2\/posts\/56522","targetHints":{"allow":["GET"]}}],"collection":[{"href":"https:\/\/haberbesiktas.tr\/index.php?rest_route=\/wp\/v2\/posts"}],"about":[{"href":"https:\/\/haberbesiktas.tr\/index.php?rest_route=\/wp\/v2\/types\/post"}],"author":[{"embeddable":true,"href":"https:\/\/haberbesiktas.tr\/index.php?rest_route=\/wp\/v2\/users\/1"}],"replies":[{"embeddable":true,"href":"https:\/\/haberbesiktas.tr\/index.php?rest_route=%2Fwp%2Fv2%2Fcomments&post=56522"}],"version-history":[{"count":1,"href":"https:\/\/haberbesiktas.tr\/index.php?rest_route=\/wp\/v2\/posts\/56522\/revisions"}],"predecessor-version":[{"id":56525,"href":"https:\/\/haberbesiktas.tr\/index.php?rest_route=\/wp\/v2\/posts\/56522\/revisions\/56525"}],"wp:featuredmedia":[{"embeddable":true,"href":"https:\/\/haberbesiktas.tr\/index.php?rest_route=\/wp\/v2\/media\/56523"}],"wp:attachment":[{"href":"https:\/\/haberbesiktas.tr\/index.php?rest_route=%2Fwp%2Fv2%2Fmedia&parent=56522"}],"wp:term":[{"taxonomy":"category","embeddable":true,"href":"https:\/\/haberbesiktas.tr\/index.php?rest_route=%2Fwp%2Fv2%2Fcategories&post=56522"},{"taxonomy":"post_tag","embeddable":true,"href":"https:\/\/haberbesiktas.tr\/index.php?rest_route=%2Fwp%2Fv2%2Ftags&post=56522"}],"curies":[{"name":"wp","href":"https:\/\/api.w.org\/{rel}","templated":true}]}}