{"id":5655,"date":"2025-01-23T02:47:50","date_gmt":"2025-01-23T02:47:50","guid":{"rendered":"https:\/\/haberbesiktas.tr\/?p=5655"},"modified":"2025-01-23T02:47:50","modified_gmt":"2025-01-23T02:47:50","slug":"grekoromen-gures-milli-takiminin-yeni-hocasi-belli-oldu","status":"publish","type":"post","link":"https:\/\/haberbesiktas.tr\/?p=5655","title":{"rendered":"Grekoromen G\u00fcre\u015f Milli Tak\u0131m\u0131&#8217;n\u0131n yeni hocas\u0131 belli oldu"},"content":{"rendered":"<p>Grekoromen G\u00fcre\u015f Ulusal Kadrosu&#8217;nda teknik y\u00f6neticili\u011fe Muttalip Yerlikaya getirildi.<\/p>\n<p> T\u00fcrkiye G\u00fcre\u015f Federasyonu Genel \u015euras\u0131&#8217;nda ba\u015fkanl\u0131\u011fa Taha Akg\u00fcl&#8217;\u00fcn se\u00e7ilmesi sonras\u0131 Grekoromen Ulusal Ekibi&#8217;nin yeni teknik tak\u0131m\u0131 da muhakkak oldu.<\/p>\n<p> Federasyonun a\u00e7\u0131klamas\u0131na nazaran Muttalip Yerlikaya&#8217;n\u0131n ba\u015f\u0131nda bulundu\u011fu teknik heyette \u015eaban Donat, Se\u00e7kin Saruhan, Yusuf D\u00fczer ve Atakan Y\u00fcksel antren\u00f6r olarak yer ald\u0131.<\/p>\n<p> Grekoromen Ulusal Grubu&#8217;nda teknik y\u00f6neticilik misyonunu daha evvel Nazmi Avluca \u00fcstlenmi\u015fti.<\/p>\n","protected":false},"excerpt":{"rendered":"<p>Grekoromen G\u00fcre\u015f Ulusal Ekibi&#8217;nde teknik y\u00f6neticili\u011fe Muttalip Yerlikaya getirildi.<\/p>\n","protected":false},"author":1,"featured_media":5656,"comment_status":"open","ping_status":"open","sticky":false,"template":"","format":"standard","meta":{"footnotes":""},"categories":[27],"tags":[],"class_list":["post-5655","post","type-post","status-publish","format-standard","has-post-thumbnail","hentry","category-guncel-haberler"],"_links":{"self":[{"href":"https:\/\/haberbesiktas.tr\/index.php?rest_route=\/wp\/v2\/posts\/5655","targetHints":{"allow":["GET"]}}],"collection":[{"href":"https:\/\/haberbesiktas.tr\/index.php?rest_route=\/wp\/v2\/posts"}],"about":[{"href":"https:\/\/haberbesiktas.tr\/index.php?rest_route=\/wp\/v2\/types\/post"}],"author":[{"embeddable":true,"href":"https:\/\/haberbesiktas.tr\/index.php?rest_route=\/wp\/v2\/users\/1"}],"replies":[{"embeddable":true,"href":"https:\/\/haberbesiktas.tr\/index.php?rest_route=%2Fwp%2Fv2%2Fcomments&post=5655"}],"version-history":[{"count":1,"href":"https:\/\/haberbesiktas.tr\/index.php?rest_route=\/wp\/v2\/posts\/5655\/revisions"}],"predecessor-version":[{"id":5657,"href":"https:\/\/haberbesiktas.tr\/index.php?rest_route=\/wp\/v2\/posts\/5655\/revisions\/5657"}],"wp:featuredmedia":[{"embeddable":true,"href":"https:\/\/haberbesiktas.tr\/index.php?rest_route=\/wp\/v2\/media\/5656"}],"wp:attachment":[{"href":"https:\/\/haberbesiktas.tr\/index.php?rest_route=%2Fwp%2Fv2%2Fmedia&parent=5655"}],"wp:term":[{"taxonomy":"category","embeddable":true,"href":"https:\/\/haberbesiktas.tr\/index.php?rest_route=%2Fwp%2Fv2%2Fcategories&post=5655"},{"taxonomy":"post_tag","embeddable":true,"href":"https:\/\/haberbesiktas.tr\/index.php?rest_route=%2Fwp%2Fv2%2Ftags&post=5655"}],"curies":[{"name":"wp","href":"https:\/\/api.w.org\/{rel}","templated":true}]}}