{"id":56665,"date":"2026-02-04T20:24:06","date_gmt":"2026-02-04T20:24:06","guid":{"rendered":"https:\/\/haberbesiktas.tr\/?p=56665"},"modified":"2026-02-04T20:24:06","modified_gmt":"2026-02-04T20:24:06","slug":"ergin-atamandan-giannakoupoulos-cevabi","status":"publish","type":"post","link":"https:\/\/haberbesiktas.tr\/?p=56665","title":{"rendered":"Ergin Ataman&#8217;dan Giannakoupoulos cevab\u0131"},"content":{"rendered":"<div>Panathinaikos Ba\u015fantren\u00f6r\u00fc Ergin Ataman, Yunanistan Basketbol Ligi&#8217;nde Aris&#8217;e ma\u011flup olduklar\u0131 ma\u00e7\u0131n ard\u0131ndan kul\u00fcp ba\u015fkan\u0131 Dimitris Giannakopoulos&#8217;un tak\u0131mdaki herkesi istifaya davet etmesinin hakl\u0131 bir reaksiyon oldu\u011funu belirterek, bu durumun kendisine ekstra motivasyon sa\u011flad\u0131\u011f\u0131n\u0131 s\u00f6yledi.<\/p>\n<p> Ataman, EuroLeague&#8217;in 26. haftas\u0131nda Real Madrid&#8217;i 82-81 ma\u011flup ettikleri m\u00fcsabakan\u0131n akabinde d\u00fczenlenen bas\u0131n toplant\u0131s\u0131nda a\u00e7\u0131klamalarda bulundu.<\/p>\n<p><span><strong><span>&#8221;GIANNAKOPOULOS HAKLI&#8221;<\/span><\/strong><\/span><\/p>\n<p> Lider Giannakopoulos&#8217;un toplumsal medya \u00fczerinden g\u00f6sterdi\u011fi yans\u0131dan sonra T\u00fcrk ve Yunan bas\u0131n\u0131ndan bir\u00e7ok ki\u015finin kendisini arad\u0131\u011f\u0131n\u0131 aktaran Ataman, <strong>&#8220;Ba\u015fkan Giannakopoulos&#8217;un payla\u015f\u0131m\u0131na neden reaksiyon vermedi\u011fimi sordular. Bu sorunun yan\u0131t\u0131 \u00e7ok kolay. O da benim \u00fczere. Ben bazen bas\u0131n toplant\u0131s\u0131nda oyuncular\u0131ma sald\u0131r\u0131yorum. O da yaln\u0131zca bana de\u011fil hepimize sald\u0131rd\u0131. Bu ola\u011fan. O tutkulu birisi. Kazanmak istiyor, bu i\u015fe emek veriyor, yat\u0131r\u0131m yap\u0131yor ve para harc\u0131yor. Lider Giannakopoulos hakl\u0131.&#8221;<\/strong> tabirlerini kulland\u0131.<\/p>\n<p><span><strong><span>&#8221;BEN\u0130 EKSTRA MOT\u0130VE ETT\u0130&#8221;<\/span><\/strong><\/span> <\/p>\n<p> Ataman, kendisinin de bazen medya \u00f6n\u00fcnde oyuncular\u0131na kar\u015f\u0131 agresif oldu\u011funu lisana getirerek, \u015funlar\u0131 kaydetti:<\/p>\n<p> <strong>&#8220;Bu defa o hepimize kar\u015f\u0131 agresif oldu. Hakl\u0131yd\u0131. D\u00fcr\u00fcst olmam gerekirse bu durum beni motive etti. Oyuncularla toplant\u0131 yapt\u0131k. Onlara k\u0131ymetli \u015feyler s\u00f6yledim. Herkesin 8. \u015fampiyonlu\u011fu bekledi\u011fini fakat bunu unutarak s\u0131radaki ma\u00e7a odaklanmalar\u0131n\u0131 s\u00f6yledim. Birinci d\u00f6nemimde hi\u00e7 kimsenin beklemedi\u011fi bi\u00e7imde EuroLeague&#8217;de \u015fampiyon olurken ad\u0131m ad\u0131m ilerledik. Her ma\u00e7 sava\u015fmak zorunday\u0131z. Giannakopoulos&#8217;a h\u00fcrmet duyuyorum. Beni ekstra motive etti\u011fi i\u00e7in ona te\u015fekk\u00fcr ederim.&#8221;<\/strong><\/p>\n<p> <span><span><span><br \/><\/span><\/span><\/span><\/div>\n","protected":false},"excerpt":{"rendered":"<p>Panathinaikos ba\u015fantren\u00f6r\u00fc Ergin Ataman, lider Giannakopoulos&#8217;un istifa davetinin kendisini motive etti\u011fini a\u00e7\u0131klad\u0131<\/p>\n","protected":false},"author":1,"featured_media":56666,"comment_status":"open","ping_status":"open","sticky":false,"template":"","format":"standard","meta":{"footnotes":""},"categories":[10],"tags":[4053],"class_list":["post-56665","post","type-post","status-publish","format-standard","has-post-thumbnail","hentry","category-basketbol","tag-giannakopoulos"],"_links":{"self":[{"href":"https:\/\/haberbesiktas.tr\/index.php?rest_route=\/wp\/v2\/posts\/56665","targetHints":{"allow":["GET"]}}],"collection":[{"href":"https:\/\/haberbesiktas.tr\/index.php?rest_route=\/wp\/v2\/posts"}],"about":[{"href":"https:\/\/haberbesiktas.tr\/index.php?rest_route=\/wp\/v2\/types\/post"}],"author":[{"embeddable":true,"href":"https:\/\/haberbesiktas.tr\/index.php?rest_route=\/wp\/v2\/users\/1"}],"replies":[{"embeddable":true,"href":"https:\/\/haberbesiktas.tr\/index.php?rest_route=%2Fwp%2Fv2%2Fcomments&post=56665"}],"version-history":[{"count":1,"href":"https:\/\/haberbesiktas.tr\/index.php?rest_route=\/wp\/v2\/posts\/56665\/revisions"}],"predecessor-version":[{"id":56667,"href":"https:\/\/haberbesiktas.tr\/index.php?rest_route=\/wp\/v2\/posts\/56665\/revisions\/56667"}],"wp:featuredmedia":[{"embeddable":true,"href":"https:\/\/haberbesiktas.tr\/index.php?rest_route=\/wp\/v2\/media\/56666"}],"wp:attachment":[{"href":"https:\/\/haberbesiktas.tr\/index.php?rest_route=%2Fwp%2Fv2%2Fmedia&parent=56665"}],"wp:term":[{"taxonomy":"category","embeddable":true,"href":"https:\/\/haberbesiktas.tr\/index.php?rest_route=%2Fwp%2Fv2%2Fcategories&post=56665"},{"taxonomy":"post_tag","embeddable":true,"href":"https:\/\/haberbesiktas.tr\/index.php?rest_route=%2Fwp%2Fv2%2Ftags&post=56665"}],"curies":[{"name":"wp","href":"https:\/\/api.w.org\/{rel}","templated":true}]}}