{"id":56668,"date":"2026-02-04T20:36:07","date_gmt":"2026-02-04T20:36:07","guid":{"rendered":"https:\/\/haberbesiktas.tr\/?p=56668"},"modified":"2026-02-04T20:36:07","modified_gmt":"2026-02-04T20:36:07","slug":"okan-buruktan-vermeerene-olumsuz-rapor","status":"publish","type":"post","link":"https:\/\/haberbesiktas.tr\/?p=56668","title":{"rendered":"Okan Buruk&#8217;tan Vermeeren&#8217;e olumsuz rapor"},"content":{"rendered":"<div>Galatasaray, sat\u0131n alma opsiyonlu kiralama teklifiyle g\u00fcndemine ald\u0131\u011f\u0131 Arthur Vermeeren transferinden Okan Buruk&#8217;un raporuyla geri \u00e7ekildi.<\/p>\n<p> Sar\u0131-k\u0131rm\u0131z\u0131l\u0131lar\u0131n transferde muhakkak bir evreye kadar getirdi\u011fi Vermeeren i\u00e7in teknik y\u00f6netici Okan Buruk&#8217;un haz\u0131rlad\u0131\u011f\u0131 rapor belirleyici oldu.<\/p>\n<p> <strong>&#8220;OYUNCU \u0130\u00c7\u0130NE KAPANIK, AHENK SA\u011eLAYAMAYAB\u0130L\u0130R&#8221;<\/strong> <\/p>\n<p> Okan Buruk&#8217;un, Bel\u00e7ikal\u0131 futbolcuyla FaceTime \u00fczerinden bir g\u00f6r\u00fc\u015fme ger\u00e7ekle\u015ftirdi\u011fi ve bu g\u00f6r\u00fc\u015fmenin akabinde idareye olumsuz g\u00f6r\u00fc\u015f bildirdi\u011fi s\u00f6z edildi.<\/p>\n<p> Tecr\u00fcbeli teknik adam\u0131n, yapt\u0131\u011f\u0131 ara\u015ft\u0131rmalar ve ald\u0131\u011f\u0131 bilgiler do\u011frultusunda Vermeeren i\u00e7in, &#8220;Oyuncu i\u00e7ine kapan\u0131k bir karaktere sahip. Ge\u00e7mi\u015fte adaptasyon problemleri ya\u015fam\u0131\u015f. K\u0131sa m\u00fcddette gruba ahenk sa\u011flayaca\u011f\u0131 hissiyat\u0131n\u0131 alamad\u0131m&#8221; de\u011ferlendirmesinde bulundu\u011fu aktar\u0131ld\u0131.<\/p>\n<p> Bu raporun akabinde Galatasaray idaresinin, Arthur Vermeeren transferini rafa kald\u0131rma karar\u0131 ald\u0131\u011f\u0131 belirtildi.<\/p>\n<p> <strong>BEL\u00c7\u0130KA ULUSAL GRUBU&#8217;NDA OYNUYOR<\/strong><\/p>\n<p> Bonservisi Leipzig&#8217;de bulunan ve Marsilya&#8217;da kiral\u0131k forma giyen Bel\u00e7ikal\u0131 ulusal 6 numara, bu d\u00f6nem 17 ma\u00e7ta 2 asistlik performans sergiledi.<\/p>\n<\/div>\n","protected":false},"excerpt":{"rendered":"<p>Galatasaray Teknik Y\u00f6neticisi Okan Buruk, Arthur Vermeeren ile yapt\u0131\u011f\u0131 manzaral\u0131 konu\u015fman\u0131n akabinde olumsuz rapor verdi.<\/p>\n","protected":false},"author":1,"featured_media":56669,"comment_status":"open","ping_status":"open","sticky":false,"template":"","format":"standard","meta":{"footnotes":""},"categories":[25],"tags":[],"class_list":["post-56668","post","type-post","status-publish","format-standard","has-post-thumbnail","hentry","category-futbol"],"_links":{"self":[{"href":"https:\/\/haberbesiktas.tr\/index.php?rest_route=\/wp\/v2\/posts\/56668","targetHints":{"allow":["GET"]}}],"collection":[{"href":"https:\/\/haberbesiktas.tr\/index.php?rest_route=\/wp\/v2\/posts"}],"about":[{"href":"https:\/\/haberbesiktas.tr\/index.php?rest_route=\/wp\/v2\/types\/post"}],"author":[{"embeddable":true,"href":"https:\/\/haberbesiktas.tr\/index.php?rest_route=\/wp\/v2\/users\/1"}],"replies":[{"embeddable":true,"href":"https:\/\/haberbesiktas.tr\/index.php?rest_route=%2Fwp%2Fv2%2Fcomments&post=56668"}],"version-history":[{"count":1,"href":"https:\/\/haberbesiktas.tr\/index.php?rest_route=\/wp\/v2\/posts\/56668\/revisions"}],"predecessor-version":[{"id":56670,"href":"https:\/\/haberbesiktas.tr\/index.php?rest_route=\/wp\/v2\/posts\/56668\/revisions\/56670"}],"wp:featuredmedia":[{"embeddable":true,"href":"https:\/\/haberbesiktas.tr\/index.php?rest_route=\/wp\/v2\/media\/56669"}],"wp:attachment":[{"href":"https:\/\/haberbesiktas.tr\/index.php?rest_route=%2Fwp%2Fv2%2Fmedia&parent=56668"}],"wp:term":[{"taxonomy":"category","embeddable":true,"href":"https:\/\/haberbesiktas.tr\/index.php?rest_route=%2Fwp%2Fv2%2Fcategories&post=56668"},{"taxonomy":"post_tag","embeddable":true,"href":"https:\/\/haberbesiktas.tr\/index.php?rest_route=%2Fwp%2Fv2%2Ftags&post=56668"}],"curies":[{"name":"wp","href":"https:\/\/api.w.org\/{rel}","templated":true}]}}