{"id":56674,"date":"2026-02-04T21:00:07","date_gmt":"2026-02-04T21:00:07","guid":{"rendered":"https:\/\/haberbesiktas.tr\/?p=56674"},"modified":"2026-02-04T21:00:07","modified_gmt":"2026-02-04T21:00:07","slug":"besiktas-tarihinde-ilk-olaitan","status":"publish","type":"post","link":"https:\/\/haberbesiktas.tr\/?p=56674","title":{"rendered":"Be\u015fikta\u015f tarihinde ilk: Olaitan"},"content":{"rendered":"<div>Ara transfer periyodunda tak\u0131m \u00e7al\u0131\u015fmalar\u0131na devam eden Be\u015fikta\u015f, son olarak G\u00f6ztepe formas\u0131 giyen Junior Olaitan&#8217;\u0131 tak\u0131m\u0131na katt\u0131\u011f\u0131n\u0131 a\u00e7\u0131klad\u0131.<\/p>\n<p><strong>\u0130LK BEN\u0130N&#8217;L\u0130<\/strong><br \/> Siyah-beyazal\u0131 grup, daha evvel 55 farkl\u0131 \u00fclkeden 195 yabanc\u0131 futbolcuyla kontrat imzalarken birinci kere Benin&#8217;li bir futbolcuyu tak\u0131m\u0131na katt\u0131.<\/p>\n<p> Siyah-beyazl\u0131lar\u0131n k\u0131\u015f transfer devrinin son g\u00fcnlerinde tak\u0131m\u0131na katt\u0131\u011f\u0131 Olaitan, kul\u00fcp tarihinin 196. yabanc\u0131 futbolcusu oldu.<\/p>\n<p><strong>OLAITAN&#8217;IN<\/strong> <strong>KAR\u0130YER\u0130<\/strong><\/p>\n<p>Junior Olaitan; Ocak 2022 y\u0131l\u0131nda Benin ligi gruplar\u0131ndan Ayema&#8217;dan, Fransa&#8217;n\u0131n Niort ekibine transfer olmas\u0131yla Avrupa futboluna merhaba dedi.<\/p>\n<p><span>\u00dc\u00e7 bu\u00e7uk d\u00f6nem top ko\u015fturdu\u011fu Fransa&#8217;da Troyes ve Grenoble formalar\u0131n\u0131 da giyen 23 ya\u015f\u0131ndaki futbolcu, geride kalan a\u011fustos ay\u0131nda S\u00fcper Lig tak\u0131mlar\u0131ndan G\u00f6ztepe&#8217;ye transfer oldu.<\/p>\n<p><strong>T\u00dcRK\u0130YE KAR\u0130YER\u0130<br \/><\/strong><br \/>G\u00f6ztepe formas\u0131 ile yar\u0131m d\u00f6nemde 18 ma\u00e7a \u00e7\u0131kan Benin&#8217;li futbolcu, bu ma\u00e7larda ikide gol sevinci ya\u015fad\u0131.<\/p>\n<p><\/span><\/p>\n<\/div>\n","protected":false},"excerpt":{"rendered":"<p>Be\u015fikta\u015f&#8217;\u0131n S\u00fcper Lig tak\u0131mlar\u0131ndan G\u00f6ztepe&#8217;den renklerine ba\u011flad\u0131\u011f\u0131 orta saha oyuncusu Junior Olaitan, siyah-beyazl\u0131 kul\u00fcb\u00fcn birinci Beninli futbolcusu olarak tarihe ge\u00e7ti.<\/p>\n","protected":false},"author":1,"featured_media":56675,"comment_status":"open","ping_status":"open","sticky":false,"template":"","format":"standard","meta":{"footnotes":""},"categories":[25],"tags":[],"class_list":["post-56674","post","type-post","status-publish","format-standard","has-post-thumbnail","hentry","category-futbol"],"_links":{"self":[{"href":"https:\/\/haberbesiktas.tr\/index.php?rest_route=\/wp\/v2\/posts\/56674","targetHints":{"allow":["GET"]}}],"collection":[{"href":"https:\/\/haberbesiktas.tr\/index.php?rest_route=\/wp\/v2\/posts"}],"about":[{"href":"https:\/\/haberbesiktas.tr\/index.php?rest_route=\/wp\/v2\/types\/post"}],"author":[{"embeddable":true,"href":"https:\/\/haberbesiktas.tr\/index.php?rest_route=\/wp\/v2\/users\/1"}],"replies":[{"embeddable":true,"href":"https:\/\/haberbesiktas.tr\/index.php?rest_route=%2Fwp%2Fv2%2Fcomments&post=56674"}],"version-history":[{"count":1,"href":"https:\/\/haberbesiktas.tr\/index.php?rest_route=\/wp\/v2\/posts\/56674\/revisions"}],"predecessor-version":[{"id":56676,"href":"https:\/\/haberbesiktas.tr\/index.php?rest_route=\/wp\/v2\/posts\/56674\/revisions\/56676"}],"wp:featuredmedia":[{"embeddable":true,"href":"https:\/\/haberbesiktas.tr\/index.php?rest_route=\/wp\/v2\/media\/56675"}],"wp:attachment":[{"href":"https:\/\/haberbesiktas.tr\/index.php?rest_route=%2Fwp%2Fv2%2Fmedia&parent=56674"}],"wp:term":[{"taxonomy":"category","embeddable":true,"href":"https:\/\/haberbesiktas.tr\/index.php?rest_route=%2Fwp%2Fv2%2Fcategories&post=56674"},{"taxonomy":"post_tag","embeddable":true,"href":"https:\/\/haberbesiktas.tr\/index.php?rest_route=%2Fwp%2Fv2%2Ftags&post=56674"}],"curies":[{"name":"wp","href":"https:\/\/api.w.org\/{rel}","templated":true}]}}