{"id":56677,"date":"2026-02-04T21:12:07","date_gmt":"2026-02-04T21:12:07","guid":{"rendered":"https:\/\/haberbesiktas.tr\/?p=56677"},"modified":"2026-02-04T21:12:07","modified_gmt":"2026-02-04T21:12:07","slug":"besiktastan-kap-hyeon-gyu-oh-istanbulda","status":"publish","type":"post","link":"https:\/\/haberbesiktas.tr\/?p=56677","title":{"rendered":"Be\u015fikta\u015f&#8217;tan KAP: Hyeon-gyu Oh, \u0130stanbul&#8217;da"},"content":{"rendered":"<div>Transfer \u00e7al\u0131\u015fmalar\u0131n\u0131 s\u00fcrd\u00fcren Be\u015fikta\u015f, Tammy Abraham&#8217;\u0131n ayr\u0131lmas\u0131n\u0131n akabinde forvet i\u00e7in k\u0131ymetli bir atak yapt\u0131.<\/p>\n<p> <span>Be\u015fikta\u015f,\u00a0\u00a0Genk formas\u0131 giyen 24 ya\u015f\u0131ndaki G\u00fcney Koreli forvet\u00a0<strong>Hyeon-gyu Oh<\/strong>&#8216;un transferi i\u00e7in g\u00f6r\u00fc\u015fmelere ba\u015fland\u0131\u011f\u0131n\u0131 a\u00e7\u0131klad\u0131.<\/p>\n<p><\/span>Siyah-Beyazl\u0131lar&#8217;\u0131n a\u00e7\u0131klamas\u0131nda \u015fu s\u00f6zler kullan\u0131ld\u0131;<\/p>\n<p><span>&#8220;Profesyonel Futbolcu Hyeongyu Oh&#8217;un transferi konusunda oyuncu ve kul\u00fcb\u00fc KRC Genk ile g\u00f6r\u00fc\u015fmelere ba\u015flanm\u0131\u015ft\u0131r.&#8221;<\/span><\/p>\n<p><strong>\u0130STANBUL&#8217;A GEL\u0130YOR<\/strong><\/p>\n<p> Be\u015fikta\u015f&#8217;\u0131n 15 milyon euro kar\u015f\u0131l\u0131\u011f\u0131nda tak\u0131m\u0131na kataca\u011f\u0131 Hyeon-gyu Oh, \u0130stanbul&#8217;a geldi.\u00a0 S\u00fcre\u00e7lerin tamamlanmas\u0131n\u0131n akabinde resmi imzalar\u0131n at\u0131lmas\u0131 bekleniyor.<\/p>\n<p><strong>BU D\u00d6NEM NE YAPTI?<\/strong> <\/p>\n<p> Bu d\u00f6nem Genk&#8217;te 32 resmi ma\u00e7a \u00e7\u0131kan Hyeon-gyu Oh, 10 gol ve 3 asistlik performans sergiledi.<\/p>\n<p> 1,87 uzunlu\u011fundaki Hyeon-gyu Oh, G\u00fcney Kore Ulusal Grubu&#8217;nun formas\u0131n\u0131 24 defa giydi ve 6 gol kaydetti.<\/p>\n<blockquote class=\"twitter-tweet\" data-width=\"500\" data-dnt=\"true\">\n<p lang=\"tr\" dir=\"ltr\">Be\u015fikta\u015f, Hyeon-gyu Oh&#39;u k\u0131sa s\u00fcre i\u00e7erisinde \u0130stanbul&#39;a getirmek istiyor. \u231b\ufe0f<a href=\"https:\/\/t.co\/783Qt8fYiO\" rel=\"nofollow\">pic.twitter.com\/783Qt8fYiO<\/a> <a href=\"https:\/\/t.co\/8tBVq7oOCB\" rel=\"nofollow\">https:\/\/t.co\/8tBVq7oOCB<\/a><\/p>\n<p>&mdash; Sporx (@sporx) <a href=\"https:\/\/twitter.com\/sporx\/status\/2018440910946644025?ref_src=twsrc%5Etfw\" rel=\"nofollow noopener\" target=\"_blank\">February 2, 2026<\/a><\/p><\/blockquote>\n<p><script async src=\"https:\/\/platform.twitter.com\/widgets.js\" charset=\"utf-8\"><\/script><\/p>\n<\/p><\/div>\n","protected":false},"excerpt":{"rendered":"<p>Be\u015fikta\u015f, Hyeon-gyu Oh&#8217;un transferi i\u00e7in g\u00f6r\u00fc\u015fmelere ba\u015fland\u0131\u011f\u0131n\u0131 a\u00e7\u0131klad\u0131. 24 ya\u015f\u0131ndaki futbolcu, Siyah-Beyazl\u0131lar&#8217;a imza atmak i\u00e7in \u0130stanbul&#8217;a geldi.<\/p>\n","protected":false},"author":1,"featured_media":56678,"comment_status":"open","ping_status":"open","sticky":false,"template":"","format":"standard","meta":{"footnotes":""},"categories":[25],"tags":[],"class_list":["post-56677","post","type-post","status-publish","format-standard","has-post-thumbnail","hentry","category-futbol"],"_links":{"self":[{"href":"https:\/\/haberbesiktas.tr\/index.php?rest_route=\/wp\/v2\/posts\/56677","targetHints":{"allow":["GET"]}}],"collection":[{"href":"https:\/\/haberbesiktas.tr\/index.php?rest_route=\/wp\/v2\/posts"}],"about":[{"href":"https:\/\/haberbesiktas.tr\/index.php?rest_route=\/wp\/v2\/types\/post"}],"author":[{"embeddable":true,"href":"https:\/\/haberbesiktas.tr\/index.php?rest_route=\/wp\/v2\/users\/1"}],"replies":[{"embeddable":true,"href":"https:\/\/haberbesiktas.tr\/index.php?rest_route=%2Fwp%2Fv2%2Fcomments&post=56677"}],"version-history":[{"count":1,"href":"https:\/\/haberbesiktas.tr\/index.php?rest_route=\/wp\/v2\/posts\/56677\/revisions"}],"predecessor-version":[{"id":56679,"href":"https:\/\/haberbesiktas.tr\/index.php?rest_route=\/wp\/v2\/posts\/56677\/revisions\/56679"}],"wp:featuredmedia":[{"embeddable":true,"href":"https:\/\/haberbesiktas.tr\/index.php?rest_route=\/wp\/v2\/media\/56678"}],"wp:attachment":[{"href":"https:\/\/haberbesiktas.tr\/index.php?rest_route=%2Fwp%2Fv2%2Fmedia&parent=56677"}],"wp:term":[{"taxonomy":"category","embeddable":true,"href":"https:\/\/haberbesiktas.tr\/index.php?rest_route=%2Fwp%2Fv2%2Fcategories&post=56677"},{"taxonomy":"post_tag","embeddable":true,"href":"https:\/\/haberbesiktas.tr\/index.php?rest_route=%2Fwp%2Fv2%2Ftags&post=56677"}],"curies":[{"name":"wp","href":"https:\/\/api.w.org\/{rel}","templated":true}]}}