{"id":56686,"date":"2026-02-04T21:48:06","date_gmt":"2026-02-04T21:48:06","guid":{"rendered":"https:\/\/haberbesiktas.tr\/?p=56686"},"modified":"2026-02-04T21:48:06","modified_gmt":"2026-02-04T21:48:06","slug":"pep-guardioladan-insanlik-dersi","status":"publish","type":"post","link":"https:\/\/haberbesiktas.tr\/?p=56686","title":{"rendered":"Pep Guardiola&#8217;dan insanl\u0131k dersi"},"content":{"rendered":"<div>Futbol efsanesi Pep Guardiola, d\u00fcnya \u00fczerineki temiz be\u015ferler i\u00e7in konu\u015ftu.<\/p>\n<p><span>Lig Kupas\u0131&#8217;nda Newcastle United ile oynayacaklar\u0131 yar\u0131 final r\u00f6van\u015f ma\u00e7\u0131 \u00f6ncesinde d\u00fczenlenen bas\u0131n toplant\u0131s\u0131nda konu\u015fan 55 ya\u015f\u0131ndaki Guardiola,<strong> &#8220;\u0130nsanl\u0131k tarihinin hi\u00e7bir devrinde, \u015fu an oldu\u011fu kadar her \u015feyi net bir bi\u00e7imde g\u00f6zlerimizin \u00f6n\u00fcnde izlemedik. Filistin&#8217;deki soyk\u0131r\u0131m, Ukrayna&#8217;da olanlar, Rusya&#8217;da olanlar, d\u00fcnyan\u0131n her yerinde, Sudan&#8217;da olanlar. Bu, insano\u011flu olarak bizim meselemiz, bizim problemimiz.&#8221;<\/strong> tabirlerini kulland\u0131.<\/p>\n<p><span>&#8221;ONLARI KURTARIN&#8221;<\/span><\/p>\n<p><span>Pep Guardiola, d\u00fcnyan\u0131n her b\u00f6lgesinde insanl\u0131k dram\u0131n\u0131n ya\u015fand\u0131\u011f\u0131n\u0131 belirterek,<strong> &#8220;Sadece Filistin soyk\u0131r\u0131m\u0131 i\u00e7in de\u011fil, insanl\u0131k i\u00e7in daha \u00e2l\u00e2 olabilecek her t\u00fcrl\u00fc dava i\u00e7in. Sava\u015flardan, kendi \u00fclkelerinden ka\u00e7\u0131p denize a\u00e7\u0131lan, Akdeniz&#8217;e giden be\u015ferler var. Bunun yanl\u0131\u015fs\u0131z mu yanl\u0131\u015f m\u0131 oldu\u011funu sormay\u0131n, onlar\u0131 kurtar\u0131n. Bu insano\u011flu ile ilgili bir durum. Sonras\u0131nda bir \u015feyler \u00fczerinde uzla\u015fabiliriz ya da bir \u015feyleri ele\u015ftirebiliriz. Lakin be\u015ferler \u00f6l\u00fcrken onlara yard\u0131m etmek zorundas\u0131n\u0131z.&#8221;<\/strong> diye konu\u015ftu.<\/p>\n<p><\/span><\/span><span>&#8221;BU \u0130MAJLAR CANIMI YAKIYOR<\/span><span>&#8221;<\/span><span><br \/><\/span><strong><span><br \/><\/span>Binlerce pak insan\u0131 \u00f6ld\u00fcrd\u00fc\u011f\u00fcn\u00fczde, bu can yakar. Ben buna kar\u015f\u0131 aya\u011fa kalk\u0131yorum, her vakit orada olaca\u011f\u0131m. Kimsenin bunu hissetmedi\u011fini hayal bile edemiyorum. Her g\u00fcn o manzaralar\u0131 g\u00f6rd\u00fc\u011f\u00fcn\u00fczde; babalar, anneler, \u00e7ocuklar\u0131n hayatlar\u0131n\u0131n yok edildi\u011fi. Be\u015ferler biraz olsun ba\u011f kuramaz m\u0131? \u00dczg\u00fcn\u00fcm, ben bunu hissedebiliyorum.&#8221;<\/p>\n<p><\/strong>\u0130spanyol teknik adam; her daim saf be\u015ferler i\u00e7in yapt\u0131\u011f\u0131 a\u00e7\u0131klamalarla yaln\u0131zca saha i\u00e7inde de\u011fil, saha d\u0131\u015f\u0131nda da kamuoyunun takdirini topluyor&#8230; <\/p>\n<div>\n<div><strong>\u00a0<\/strong><\/div>\n<\/p><\/div>\n<div>\u00a0<\/div>\n<\/div>\n","protected":false},"excerpt":{"rendered":"<p>Pep Guardiola, d\u00fcnyan\u0131n \u00e7e\u015fitli b\u00f6lgelerinde pak insanlar\u0131n \u00f6ld\u00fcr\u00fclmesinin can\u0131n\u0131 yakt\u0131\u011f\u0131n\u0131 ve buna kar\u015f\u0131 her vakit dayanak verece\u011fini bir sefer a\u00e7\u0131klad\u0131<\/p>\n","protected":false},"author":1,"featured_media":56687,"comment_status":"open","ping_status":"open","sticky":false,"template":"","format":"standard","meta":{"footnotes":""},"categories":[25],"tags":[1846],"class_list":["post-56686","post","type-post","status-publish","format-standard","has-post-thumbnail","hentry","category-futbol","tag-insanlar"],"_links":{"self":[{"href":"https:\/\/haberbesiktas.tr\/index.php?rest_route=\/wp\/v2\/posts\/56686","targetHints":{"allow":["GET"]}}],"collection":[{"href":"https:\/\/haberbesiktas.tr\/index.php?rest_route=\/wp\/v2\/posts"}],"about":[{"href":"https:\/\/haberbesiktas.tr\/index.php?rest_route=\/wp\/v2\/types\/post"}],"author":[{"embeddable":true,"href":"https:\/\/haberbesiktas.tr\/index.php?rest_route=\/wp\/v2\/users\/1"}],"replies":[{"embeddable":true,"href":"https:\/\/haberbesiktas.tr\/index.php?rest_route=%2Fwp%2Fv2%2Fcomments&post=56686"}],"version-history":[{"count":1,"href":"https:\/\/haberbesiktas.tr\/index.php?rest_route=\/wp\/v2\/posts\/56686\/revisions"}],"predecessor-version":[{"id":56688,"href":"https:\/\/haberbesiktas.tr\/index.php?rest_route=\/wp\/v2\/posts\/56686\/revisions\/56688"}],"wp:featuredmedia":[{"embeddable":true,"href":"https:\/\/haberbesiktas.tr\/index.php?rest_route=\/wp\/v2\/media\/56687"}],"wp:attachment":[{"href":"https:\/\/haberbesiktas.tr\/index.php?rest_route=%2Fwp%2Fv2%2Fmedia&parent=56686"}],"wp:term":[{"taxonomy":"category","embeddable":true,"href":"https:\/\/haberbesiktas.tr\/index.php?rest_route=%2Fwp%2Fv2%2Fcategories&post=56686"},{"taxonomy":"post_tag","embeddable":true,"href":"https:\/\/haberbesiktas.tr\/index.php?rest_route=%2Fwp%2Fv2%2Ftags&post=56686"}],"curies":[{"name":"wp","href":"https:\/\/api.w.org\/{rel}","templated":true}]}}