{"id":56827,"date":"2026-02-05T06:00:05","date_gmt":"2026-02-05T06:00:05","guid":{"rendered":"https:\/\/haberbesiktas.tr\/?p=56827"},"modified":"2026-02-05T06:00:05","modified_gmt":"2026-02-05T06:00:05","slug":"toki-il-bazinda-kura-cekim-takvimi-2026-toki-500-bin-sosyal-konut-cekilisi-ne-zaman-yapilacak-toki-sosyal-konut-kura-sonuclari-ne-zaman-belli-olur-basvuru-sonuclari-nasil-ogrenilir","status":"publish","type":"post","link":"https:\/\/haberbesiktas.tr\/?p=56827","title":{"rendered":"TOK\u0130 \u0130L BAZINDA KURA \u00c7EK\u0130M TAKV\u0130M\u0130 2026 || TOK\u0130 500 bin sosyal konut \u00e7ekili\u015fi ne zaman yap\u0131lacak? TOK\u0130 sosyal konut kura sonu\u00e7lar\u0131 ne zaman belli olur, ba\u015fvuru sonu\u00e7lar\u0131 nas\u0131l \u00f6\u011frenilir?"},"content":{"rendered":"<div><span>\u00c7evre, \u015eehircilik ve \u0130klim De\u011fi\u015fikli\u011fi Bakanl\u0131\u011f\u0131 b\u00fcnyesinde Toplu Konut Y\u00f6netimi Ba\u015fkanl\u0131\u011f\u0131 (TOK\u0130) taraf\u0131ndan y\u00fcr\u00fct\u00fclen &#8220;Y\u00fczy\u0131l\u0131n Konut Projesi&#8221; kapsam\u0131nda, 81 vilayette in\u015fa edilecek 500 bin toplumsal konut i\u00e7in beklenen kura \u00e7ekimi s\u00fcreci ba\u015fl\u0131yor. TOK\u0130 500 bin konut kura \u00e7ekimi ne vakit? sorusu da m\u00fcracaat yapan adaylar taraf\u0131ndan s\u0131k\u00e7a sorgulan\u0131yor. Kas\u0131m ay\u0131nda ba\u015flayan ve Aral\u0131k ay\u0131n\u0131n ortas\u0131na kadar devam eden a\u011f\u0131r m\u00fcracaat devrinin akabinde, g\u00f6zler art\u0131k &#8220;Hak Sahibi Belirleme Kuralar\u0131&#8221;na \u00e7evrildi. TOK\u0130&#8217;nin resmi internet sitesi ve toplumsal medya kanallar\u0131 \u00fczerinden anbean takip edilebilecek olan kura s\u00fcreci, vilayetlerin n\u00fcfus ve konut say\u0131s\u0131na nazaran haz\u0131rlanan \u00f6zel bir program dahilinde y\u00fcr\u00fct\u00fclecek. Milyonlarca m\u00fcracaat sahibi, T.C. kimlik numaralar\u0131 ile e-Devlet kap\u0131s\u0131ndan yahut TOK\u0130&#8217;nin resmi sorgulama ekran\u0131ndan &#8220;\u00e7\u0131kt\u0131 m\u0131, \u00e7\u0131kmad\u0131 m\u0131?&#8221; sorusuna kar\u015f\u0131l\u0131k arayacak. Pekala, TOK\u0130 500 bin konut kura \u00e7ekimi ne vakit yap\u0131lacak?<\/span><br \/> <strong>EVLER 240 AYA VARAN VADE \u0130MKANLARIYLA SATI\u015eA SUNULACAK<\/strong><\/p>\n<p><span>&#8220;Ev Sahibi T\u00fcrkiye&#8221; slogan\u0131yla ba\u015flat\u0131lan kampanya kapsam\u0131nda konutlar y\u00fczde 10 pe\u015finat, 240 aya varan vade imkanlar\u0131yla sat\u0131\u015fa sunulacak.<\/span><\/p>\n<p><span>Evlerin y\u00fczde 40&#8217;\u0131 yani 200 bini, 80 metrekarelik 2+1 konutlardan olu\u015facak.<\/span><\/p>\n<p><span>Y\u00fczde 30&#8217;u yani 150 bini, 65 metrekarelik 2+1, kalan 150 bini ise 55 metrekarelik 1+1 konutlardan olu\u015facak.<\/span><\/p>\n<p><span>Konutlar, 2+1 ve 1+1 halinde yatay mimari ve kl\u00e2sik dokuya uygun tasarlanacak.<\/span><\/p>\n<p><strong>KONUTLARIN BE\u015eTE B\u0130R\u0130 \u0130STANBUL&#8217;DA<\/strong><\/p>\n<p><span>Projede en fazla konutun in\u015fa edilece\u011fi birinci 5 kent, \u0130stanbul, Ankara, \u0130zmir, Bursa ve Konya olarak kay\u0131tlara ge\u00e7ti.<\/span><\/p>\n<p><span>Proje kapsam\u0131nda toplam konutun be\u015fte biri \u0130stanbul&#8217;da in\u015fa edilecek.<\/span><\/p>\n<p><strong>HAK SAH\u0130PLER\u0130NE NAZARAN DA\u011eILIM<\/strong><\/p>\n<p><span>Projede \u015fehit yak\u0131nlar\u0131, gaziler, engelliler, emekliler, gen\u00e7ler ile 3 ve daha fazla \u00e7ocu\u011fu bulunan ailelere \u00f6zel kontenjanlar olu\u015fturuldu.<\/span><\/p>\n<p><span>Hak sahiplerinin y\u00fczde 5&#8217;ini \u015fehit aileleri ve gaziler, y\u00fczde 5&#8217;ini engelliler, y\u00fczde 20&#8217;sini emekliler, y\u00fczde 10&#8217;unu 3 ve daha fazla \u00e7ocu\u011fa sahip aileler, y\u00fczde 20&#8217;sini 18-30 ya\u015f ortas\u0131 gen\u00e7ler, kalan y\u00fczde 40&#8217;l\u0131k k\u0131sm\u0131n\u0131 ise \u00f6teki al\u0131c\u0131lar olu\u015fturacak.<\/span><\/p>\n<p><strong>F\u0130YATLAR VE TAKS\u0130T F\u0130YATLARI V\u0130LAYETLERE NAZARAN DE\u011e\u0130\u015eECEK<\/strong><\/p>\n<p><span>Konutlar\u0131n fiyat\u0131 ve taksit mebla\u011flar\u0131 \u0130stanbul ve Anadolu vilayetlerinde farkl\u0131 olacak.<\/span><\/p>\n<p><span>Anadolu&#8217;da 1+1 konutlar 1 milyon 800 bin lira, 65 metrekarelik 2+1&#8217;ler 2 milyon 200 bin lira, 80 metrekarelik 2+1&#8217;ler ise 2 milyon 650 bin liradan sat\u0131\u015fa sunulacak.<\/span><\/p>\n<p><span>Anadolu&#8217;da 1+1 konutlar\u0131n taksitleri 6 bin 750 lira olacak.<\/span><\/p>\n<p><span>65 metrekarelik 2+1&#8217;lerin taksitleri 8 bin 250 lira, 80 metrekarelik 2+1&#8217;lerin taksitleri ise 9 bin 938 lira olarak belirlendi.<\/span><\/p>\n<p><strong>\u0130STANBUL&#8217;DA TAKS\u0130TLER 7,3 B\u0130N L\u0130RADAN BA\u015eLAYACAK<\/strong><\/p>\n<p><span>\u0130stanbul&#8217;da ise 1+1 konutlar 1 milyon 950 bin lira, 65 metrekarelik 2+1&#8217;ler 2 milyon 450 bin lira, 80 metrekarelik 2+1&#8217;ler de 2 milyon 950 bin liradan sat\u0131\u015fa sunulacak.<\/span><\/p>\n<p><span>\u0130stanbul&#8217;da 1+1 konutlar\u0131n taksitleri 7 bin 313 lira, 65 metrekarelik 2+1&#8217;lerin taksitleri 9 bin 188 lira, 80 metrekarelik 2+1&#8217;lerin taksitleri ise 11 bin 63 lira olarak belirlendi.<\/span><\/p>\n<p><strong>\u0130LK TESL\u0130MAT MART 2027&#8217;DE<\/strong><\/p>\n<p><span>Konutlar\u0131n teslimatlar\u0131n\u0131n ise Mart 2027 prestijiyle ba\u015flamas\u0131 planlan\u0131yor.<\/span><\/p>\n<p><span>81 vilayette hayata ge\u00e7irilecek 500 bin konutun vilayetlere nazaran da\u011f\u0131l\u0131m\u0131 \u015f\u00f6yle:<\/span><\/p>\n<p><span>Adana&#8217;da 12 bin 292, Ad\u0131yaman&#8217;da 6 bin 620, Afyonkarahisar&#8217;da 4 bin 370, A\u011fr\u0131&#8217;da 2 bin 840, Aksaray&#8217;da 2 bin 476, Amasya&#8217;da 2 bin 601, Ankara&#8217;da 30 bin 823, Antalya&#8217;da 13 bin 213, Ardahan&#8217;da 619, Artvin&#8217;de 1020, Ayd\u0131n&#8217;da 7 bin 123, Bal\u0131kesir&#8217;de 7 bin 548, Bart\u0131n&#8217;da 1240, Batman&#8217;da 3 bin 810, Bayburt&#8217;ta 723, Bilecik&#8217;te 1419, Bing\u00f6l&#8217;de 2 bin 72, Bitlis&#8217;te 2 bin 363, Bolu&#8217;da 1950, Burdur&#8217;da 2 bin 208, Bursa&#8217;da 17 bin 225, \u00c7anakkale&#8217;de 3 bin 376, \u00c7ank\u0131r\u0131&#8217;da 1753, \u00c7orum&#8217;da 2 bin 867, Denizli&#8217;de 6 bin 190, Diyarbak\u0131r&#8217;da 12 bin 165, D\u00fczce&#8217;de 2 bin 470, Edirne&#8217;de 2 bin 530, Elaz\u0131\u011f&#8217;da 3 bin 685, Erzincan&#8217;da 1760, Erzurum&#8217;da 4 bin 905, Eski\u015fehir&#8217;de 6 bin 25, Gaziantep&#8217;te 13 bin 890, Giresun&#8217;da 1576, G\u00fcm\u00fc\u015fhane&#8217;de 926, Hakkari&#8217;de 1557, Hatay&#8217;da 12 bin 639, I\u011fd\u0131r&#8217;da 1200, Isparta&#8217;da 2 bin 889, \u0130stanbul&#8217;da 100 bin, \u0130zmir&#8217;de 21 bin 20, Kahramanmara\u015f&#8217;ta 8 bin 195, Karab\u00fck&#8217;te 1600, Karaman&#8217;da 1550, Kars&#8217;ta 1730, Kastamonu&#8217;da 2 bin 380, Kayseri&#8217;de 7 bin 562, Kilis&#8217;te 1170, K\u0131r\u0131kkale&#8217;de 1689, K\u0131rklareli&#8217;nde 2 bin 255, K\u0131r\u015fehir&#8217;de 1633, Kocaeli&#8217;nde 10 bin 340, Konya&#8217;da 15 bin, K\u00fctahya&#8217;da 3 bin 592, Malatya&#8217;da 9 bin 609, Manisa&#8217;da 7 bin 229, Mardin&#8217;de 5 bin 357, Mersin&#8217;de 8 bin 190, Mu\u011fla&#8217;da 6 bin 197, Mu\u015f&#8217;ta 2 bin 142, Nev\u015fehir&#8217;de 2 bin 68, Ni\u011fde&#8217;de 2 bin 604, Ordu&#8217;da 3 bin 334, Osmaniye&#8217;de 2 bin 990, Rize&#8217;de 2 bin 42, Sakarya&#8217;da 6 bin 633, Samsun&#8217;da 6 bin 397, Siirt&#8217;te 1527, Sinop&#8217;ta 947, Sivas&#8217;ta 3 bin 904, \u015eanl\u0131urfa&#8217;da 13 bin 190, \u015e\u0131rnak&#8217;ta 1492, Tekirda\u011f&#8217;da 6 bin 865, Tokat&#8217;ta 3 bin 392, Trabzon&#8217;da 3 bin 734, Tunceli&#8217;de 775, U\u015fak&#8217;ta 2 bin 464, Van&#8217;da 6 bin 803, Yalova&#8217;da 1805, Yozgat&#8217;ta 2 bin 858 ve Zonguldak&#8217;ta bin 872.<\/span><\/div>\n","protected":false},"excerpt":{"rendered":"<p>TOK\u0130 500 bib toplumsal konut kura \u00e7ekimi takvimi, 81 vilayet i\u00e7in yak\u0131ndan takip ediliyor. Milyonlarca ki\u015finin ba\u015fvurdu\u011fu TOK\u0130 500 bin konut \u00e7ekili\u015f m\u00fcracaat sonu\u00e7lar\u0131 takvimi, m\u00fcracaat eden vatanda\u015flar taraf\u0131ndan mercek alt\u0131na al\u0131nd\u0131. Son y\u0131llar\u0131n en b\u00fcy\u00fck toplumsal konut projeleri ortas\u0131nda g\u00f6sterilen 500 bin konut projesine 8 milyon 840 bin m\u00fcracaat yapt\u0131. Etraf, \u015eehircilik ve \u0130klim De\u011fi\u015fikli\u011fi Bakan\u0131 Murat Kurum 5 milyon 242 bin ki\u015finin m\u00fcracaat\u0131n\u0131n ge\u00e7erli oldu\u011funu a\u00e7\u0131klad\u0131. 19 Aral\u0131k prestijiyle m\u00fcracaat s\u00fcreci tamamlanan dev projede, dar gelirli vatanda\u015flar\u0131n konut sahibi olma hayallerini ger\u00e7e\u011fe d\u00f6n\u00fc\u015ft\u00fcrecek hak sahibi belirleme kuralar\u0131 i\u00e7in takvim netle\u015fti. Noter huzurunda ve canl\u0131 yay\u0131nda ger\u00e7ekle\u015ftirilecek olan \u00e7ekili\u015fler, binlerce ailenin umut kayna\u011f\u0131 olacak. Konut hayali kuran vatanda\u015flar TOK\u0130 m\u00fcracaat sonu\u00e7lar\u0131n\u0131n ne vakit a\u00e7\u0131klanaca\u011f\u0131n\u0131 ara\u015ft\u0131r\u0131yor. Pekala, TOK\u0130 toplumsal konut sonu\u00e7lar\u0131 ne vakit a\u00e7\u0131klanacak? TOK\u0130 500 bin konut \u00e7ekili\u015fi ne vakit?<\/p>\n","protected":false},"author":1,"featured_media":56828,"comment_status":"open","ping_status":"open","sticky":false,"template":"","format":"standard","meta":{"footnotes":""},"categories":[10],"tags":[4065,4066,4067,1425,2089],"class_list":["post-56827","post","type-post","status-publish","format-standard","has-post-thumbnail","hentry","category-basketbol","tag-2-bin","tag-3-bin","tag-6-bin","tag-konut","tag-taksit"],"_links":{"self":[{"href":"https:\/\/haberbesiktas.tr\/index.php?rest_route=\/wp\/v2\/posts\/56827","targetHints":{"allow":["GET"]}}],"collection":[{"href":"https:\/\/haberbesiktas.tr\/index.php?rest_route=\/wp\/v2\/posts"}],"about":[{"href":"https:\/\/haberbesiktas.tr\/index.php?rest_route=\/wp\/v2\/types\/post"}],"author":[{"embeddable":true,"href":"https:\/\/haberbesiktas.tr\/index.php?rest_route=\/wp\/v2\/users\/1"}],"replies":[{"embeddable":true,"href":"https:\/\/haberbesiktas.tr\/index.php?rest_route=%2Fwp%2Fv2%2Fcomments&post=56827"}],"version-history":[{"count":1,"href":"https:\/\/haberbesiktas.tr\/index.php?rest_route=\/wp\/v2\/posts\/56827\/revisions"}],"predecessor-version":[{"id":56829,"href":"https:\/\/haberbesiktas.tr\/index.php?rest_route=\/wp\/v2\/posts\/56827\/revisions\/56829"}],"wp:featuredmedia":[{"embeddable":true,"href":"https:\/\/haberbesiktas.tr\/index.php?rest_route=\/wp\/v2\/media\/56828"}],"wp:attachment":[{"href":"https:\/\/haberbesiktas.tr\/index.php?rest_route=%2Fwp%2Fv2%2Fmedia&parent=56827"}],"wp:term":[{"taxonomy":"category","embeddable":true,"href":"https:\/\/haberbesiktas.tr\/index.php?rest_route=%2Fwp%2Fv2%2Fcategories&post=56827"},{"taxonomy":"post_tag","embeddable":true,"href":"https:\/\/haberbesiktas.tr\/index.php?rest_route=%2Fwp%2Fv2%2Ftags&post=56827"}],"curies":[{"name":"wp","href":"https:\/\/api.w.org\/{rel}","templated":true}]}}