{"id":56895,"date":"2026-02-05T10:36:08","date_gmt":"2026-02-05T10:36:08","guid":{"rendered":"https:\/\/haberbesiktas.tr\/?p=56895"},"modified":"2026-02-05T10:36:08","modified_gmt":"2026-02-05T10:36:08","slug":"stanojevic-oyundan-da-sonuctan-da-memnun-degiliz","status":"publish","type":"post","link":"https:\/\/haberbesiktas.tr\/?p=56895","title":{"rendered":"Stanojevic: &#8220;Oyundan da sonu\u00e7tan da memnun de\u011filiz&#8221;"},"content":{"rendered":"<div>\n<div>Ziraat T\u00fcrkiye Kupas\u0131 A K\u00fcmesi&#8217;nin 3. haftas\u0131nda a\u011f\u0131rlad\u0131\u011f\u0131 RAMS Ba\u015fak\u015fehir&#8217;e 4-1 ma\u011flup olan M\u0131s\u0131rl\u0131.com.tr Fatih Karag\u00fcmr\u00fck&#8217;te teknik y\u00f6netici Aleksandar Stanojevic, oyundan ve sonu\u00e7tan memnun olmad\u0131\u011f\u0131n\u0131 lisana getirdi.<\/div>\n<div>\u00a0<\/div>\n<div>Stanojevic, Atat\u00fcrk Olimpiyat Stad\u0131&#8217;nda oynanan m\u00fcsabakan\u0131n akabinde d\u00fczenlenen bas\u0131n toplant\u0131s\u0131nda a\u00e7\u0131klamalarda bulundu.<\/div>\n<div>\u00a0<\/div>\n<div>Sahaya istediklerini yans\u0131tamad\u0131klar\u0131n\u0131 belirten S\u0131rp teknik adam, <strong>&#8220;Oyundan ve sonu\u00e7tan memnun de\u011filiz. \u00d6n\u00fcm\u00fczde Antalyaspor ile oynayaca\u011f\u0131m\u0131z \u00e7ok k\u0131ymetli bir ma\u00e7 var. Kimi oyuncular\u0131m\u0131 saklamak zorunda kald\u0131m. Taraftar\u0131m\u0131zdan \u00f6z\u00fcr diliyorum. Antalyaspor ma\u00e7\u0131nda taraftar\u0131m\u0131z\u0131 bizi desteklemeye \u00e7a\u011f\u0131r\u0131yorum. Onlar\u0131n takviyesine \u00e7ok muhta\u00e7l\u0131\u011f\u0131m\u0131z var.&#8221;<\/strong> tabirlerini kulland\u0131.<\/div>\n<\/p><\/div>\n","protected":false},"excerpt":{"rendered":"<p>Ziraat T\u00fcrkiye Kupas\u0131 A K\u00fcmesi&#8217;nde RAMS Ba\u015fak\u015fehir&#8217;e 4-1 ma\u011flup olan Fatih Karag\u00fcmr\u00fck&#8217;te teknik y\u00f6netici Aleksandar Stanojevic, alana istediklerini yans\u0131tamad\u0131klar\u0131n\u0131 s\u00f6yledi.<\/p>\n","protected":false},"author":1,"featured_media":56896,"comment_status":"open","ping_status":"open","sticky":false,"template":"","format":"standard","meta":{"footnotes":""},"categories":[25],"tags":[],"class_list":["post-56895","post","type-post","status-publish","format-standard","has-post-thumbnail","hentry","category-futbol"],"_links":{"self":[{"href":"https:\/\/haberbesiktas.tr\/index.php?rest_route=\/wp\/v2\/posts\/56895","targetHints":{"allow":["GET"]}}],"collection":[{"href":"https:\/\/haberbesiktas.tr\/index.php?rest_route=\/wp\/v2\/posts"}],"about":[{"href":"https:\/\/haberbesiktas.tr\/index.php?rest_route=\/wp\/v2\/types\/post"}],"author":[{"embeddable":true,"href":"https:\/\/haberbesiktas.tr\/index.php?rest_route=\/wp\/v2\/users\/1"}],"replies":[{"embeddable":true,"href":"https:\/\/haberbesiktas.tr\/index.php?rest_route=%2Fwp%2Fv2%2Fcomments&post=56895"}],"version-history":[{"count":1,"href":"https:\/\/haberbesiktas.tr\/index.php?rest_route=\/wp\/v2\/posts\/56895\/revisions"}],"predecessor-version":[{"id":56897,"href":"https:\/\/haberbesiktas.tr\/index.php?rest_route=\/wp\/v2\/posts\/56895\/revisions\/56897"}],"wp:featuredmedia":[{"embeddable":true,"href":"https:\/\/haberbesiktas.tr\/index.php?rest_route=\/wp\/v2\/media\/56896"}],"wp:attachment":[{"href":"https:\/\/haberbesiktas.tr\/index.php?rest_route=%2Fwp%2Fv2%2Fmedia&parent=56895"}],"wp:term":[{"taxonomy":"category","embeddable":true,"href":"https:\/\/haberbesiktas.tr\/index.php?rest_route=%2Fwp%2Fv2%2Fcategories&post=56895"},{"taxonomy":"post_tag","embeddable":true,"href":"https:\/\/haberbesiktas.tr\/index.php?rest_route=%2Fwp%2Fv2%2Ftags&post=56895"}],"curies":[{"name":"wp","href":"https:\/\/api.w.org\/{rel}","templated":true}]}}