{"id":56898,"date":"2026-02-05T10:48:05","date_gmt":"2026-02-05T10:48:05","guid":{"rendered":"https:\/\/haberbesiktas.tr\/?p=56898"},"modified":"2026-02-05T10:48:05","modified_gmt":"2026-02-05T10:48:05","slug":"cagliariden-semih-kilicsoy-icin-karar","status":"publish","type":"post","link":"https:\/\/haberbesiktas.tr\/?p=56898","title":{"rendered":"Cagliari&#8217;den Semih K\u0131l\u0131\u00e7soy i\u00e7in karar"},"content":{"rendered":"<div>Cagliari, Be\u015fikta\u015f&#8217;tan kiralanan Semih K\u0131l\u0131\u00e7soy&#8217;un bonservisi i\u00e7in karar\u0131n\u0131 verdi.<\/p>\n<p> \u0130talyan bas\u0131n\u0131nda yer alan habere nazaran, Cagliari, Semih K\u0131l\u0131\u00e7soy&#8217;un 12 milyon euro&#8217;luk sat\u0131n alma opsiyonunu kullanmay\u0131 planl\u0131yor.<\/p>\n<p> Cagliari&#8217;nin, \u00e7ok b\u00fcy\u00fck bir s\u00fcrpriz ya\u015fanmamas\u0131 durumunda 20 ya\u015f\u0131ndaki futbolcunun sat\u0131n alma opsiyonu kullanmak istedi\u011fi belirtildi.<\/p>\n<p><strong>TRANSFER \u015eARTLARI<\/strong> <\/p>\n<p> Cagliari, yaz transfer devrinde Semih K\u0131l\u0131\u00e7soy&#8217;u 1 milyon euro kiralama, 12 milyon euro sat\u0131n alma opsiyonu ve 2 milyon euro bonus kar\u015f\u0131l\u0131\u011f\u0131nda tak\u0131m\u0131na katm\u0131\u015ft\u0131. Be\u015fikta\u015f&#8217;\u0131n, Semih&#8217;in sonraki sat\u0131\u015f\u0131ndan y\u00fczde 20 hisse hakk\u0131 da bulunuyor.<\/p>\n<p> Be\u015fikta\u015f Ba\u015fkan\u0131 Serdal Adal\u0131, 29 Ocak Per\u015fembe g\u00fcn\u00fc d\u00fczenledi\u011fi bas\u0131n toplant\u0131s\u0131nda,<strong> &#8220;Semih K\u0131l\u0131\u00e7soy i\u00e7in Cagliari&#8217;den gelen resmi bir \u015fey yok. Semih&#8217;i vermek istemedim lakin \u00e7ok gitmek istedi. Devre ortas\u0131nda opsiyonu kullanabileceklerini s\u00f6ylediler lakin \u015fimdi bir \u015fey yok.&#8221;<\/strong> demi\u015fti.<\/p>\n<p><strong>\u0130TALYA PERFORMANSI<\/strong><\/p>\n<p> Cagliari formas\u0131 alt\u0131nda bu d\u00f6nem 17 ma\u00e7ta m\u00fcddet bulan gen\u00e7 futbolcu, 4 sefer a\u011flar\u0131 havaland\u0131rd\u0131.<\/p>\n<\/div>\n","protected":false},"excerpt":{"rendered":"<p>Cagliari, s\u00fcrpriz bir geli\u015fme ya\u015fanmamas\u0131 durumunda Be\u015fikta\u015f&#8217;tan kiralanan Semih K\u0131l\u0131\u00e7soy&#8217;un 12 milyon euro&#8217;luk opsiyonunu kullanmay\u0131 planl\u0131yor.<\/p>\n","protected":false},"author":1,"featured_media":56899,"comment_status":"open","ping_status":"open","sticky":false,"template":"","format":"standard","meta":{"footnotes":""},"categories":[25],"tags":[3629,990],"class_list":["post-56898","post","type-post","status-publish","format-standard","has-post-thumbnail","hentry","category-futbol","tag-cagliari","tag-semih"],"_links":{"self":[{"href":"https:\/\/haberbesiktas.tr\/index.php?rest_route=\/wp\/v2\/posts\/56898","targetHints":{"allow":["GET"]}}],"collection":[{"href":"https:\/\/haberbesiktas.tr\/index.php?rest_route=\/wp\/v2\/posts"}],"about":[{"href":"https:\/\/haberbesiktas.tr\/index.php?rest_route=\/wp\/v2\/types\/post"}],"author":[{"embeddable":true,"href":"https:\/\/haberbesiktas.tr\/index.php?rest_route=\/wp\/v2\/users\/1"}],"replies":[{"embeddable":true,"href":"https:\/\/haberbesiktas.tr\/index.php?rest_route=%2Fwp%2Fv2%2Fcomments&post=56898"}],"version-history":[{"count":1,"href":"https:\/\/haberbesiktas.tr\/index.php?rest_route=\/wp\/v2\/posts\/56898\/revisions"}],"predecessor-version":[{"id":56900,"href":"https:\/\/haberbesiktas.tr\/index.php?rest_route=\/wp\/v2\/posts\/56898\/revisions\/56900"}],"wp:featuredmedia":[{"embeddable":true,"href":"https:\/\/haberbesiktas.tr\/index.php?rest_route=\/wp\/v2\/media\/56899"}],"wp:attachment":[{"href":"https:\/\/haberbesiktas.tr\/index.php?rest_route=%2Fwp%2Fv2%2Fmedia&parent=56898"}],"wp:term":[{"taxonomy":"category","embeddable":true,"href":"https:\/\/haberbesiktas.tr\/index.php?rest_route=%2Fwp%2Fv2%2Fcategories&post=56898"},{"taxonomy":"post_tag","embeddable":true,"href":"https:\/\/haberbesiktas.tr\/index.php?rest_route=%2Fwp%2Fv2%2Ftags&post=56898"}],"curies":[{"name":"wp","href":"https:\/\/api.w.org\/{rel}","templated":true}]}}