{"id":56901,"date":"2026-02-05T11:00:05","date_gmt":"2026-02-05T11:00:05","guid":{"rendered":"https:\/\/haberbesiktas.tr\/?p=56901"},"modified":"2026-02-05T11:00:05","modified_gmt":"2026-02-05T11:00:05","slug":"anadolu-efesten-rolands-smits-icin-sakatlik-aciklamasi","status":"publish","type":"post","link":"https:\/\/haberbesiktas.tr\/?p=56901","title":{"rendered":"Anadolu Efes&#8217;ten Rolands Smits i\u00e7in sakatl\u0131k a\u00e7\u0131klamas\u0131"},"content":{"rendered":"<div>\n<div>Anadolu Efes&#8217;te forma giyen Letonyal\u0131 basketbolcu Rolands Smits&#8217;in sol uyluk art adalesinde kanama tespit edildi.<\/div>\n<div>\u00a0<\/div>\n<div>Lacivert-beyazl\u0131 kul\u00fcb\u00fcn ABD merkezli X toplumsal medya platformundan yap\u0131lan a\u00e7\u0131klamada, <strong>&#8220;D\u00fcn oynad\u0131\u011f\u0131m\u0131z Valencia Basket ma\u00e7\u0131nda darbeye ba\u011fl\u0131 yaralanma ya\u015fayan ve ma\u00e7a devam edemeyen Rolands Smits&#8217;in bug\u00fcn \u00e7ekilen MR&#8217;\u0131nda sol uyluk art adalesinde kanama tespit edilmi\u015ftir. Oyuncumuzun ekibe d\u00f6n\u00fc\u015f m\u00fcddeti, pazartesi g\u00fcn\u00fc yine \u00e7ekilecek MR sonras\u0131nda netle\u015ftirilecektir.&#8221;<\/strong> s\u00f6zlerine yer verildi.<\/div>\n<div>\u00a0<\/div>\n<div>Smits, Avrupa Ligi&#8217;nin (EuroLeague) 26. haftas\u0131nda d\u00fcn oynanan Valencia Basket kar\u015f\u0131la\u015fmas\u0131n\u0131n \u00fc\u00e7\u00fcnc\u00fc \u00e7eyre\u011finde bir konumda sakatlanarak u\u011fra\u015fa devam edememi\u015fti.<\/div>\n<\/p><\/div>\n","protected":false},"excerpt":{"rendered":"<p>Anadolu Efes&#8217;te Valencia Basket ma\u00e7\u0131nda sakatlanan Rolands Smits&#8217;in sol uyluk art adalesinde kanama tespit edildi.<\/p>\n","protected":false},"author":1,"featured_media":56902,"comment_status":"open","ping_status":"open","sticky":false,"template":"","format":"standard","meta":{"footnotes":""},"categories":[10],"tags":[],"class_list":["post-56901","post","type-post","status-publish","format-standard","has-post-thumbnail","hentry","category-basketbol"],"_links":{"self":[{"href":"https:\/\/haberbesiktas.tr\/index.php?rest_route=\/wp\/v2\/posts\/56901","targetHints":{"allow":["GET"]}}],"collection":[{"href":"https:\/\/haberbesiktas.tr\/index.php?rest_route=\/wp\/v2\/posts"}],"about":[{"href":"https:\/\/haberbesiktas.tr\/index.php?rest_route=\/wp\/v2\/types\/post"}],"author":[{"embeddable":true,"href":"https:\/\/haberbesiktas.tr\/index.php?rest_route=\/wp\/v2\/users\/1"}],"replies":[{"embeddable":true,"href":"https:\/\/haberbesiktas.tr\/index.php?rest_route=%2Fwp%2Fv2%2Fcomments&post=56901"}],"version-history":[{"count":1,"href":"https:\/\/haberbesiktas.tr\/index.php?rest_route=\/wp\/v2\/posts\/56901\/revisions"}],"predecessor-version":[{"id":56903,"href":"https:\/\/haberbesiktas.tr\/index.php?rest_route=\/wp\/v2\/posts\/56901\/revisions\/56903"}],"wp:featuredmedia":[{"embeddable":true,"href":"https:\/\/haberbesiktas.tr\/index.php?rest_route=\/wp\/v2\/media\/56902"}],"wp:attachment":[{"href":"https:\/\/haberbesiktas.tr\/index.php?rest_route=%2Fwp%2Fv2%2Fmedia&parent=56901"}],"wp:term":[{"taxonomy":"category","embeddable":true,"href":"https:\/\/haberbesiktas.tr\/index.php?rest_route=%2Fwp%2Fv2%2Fcategories&post=56901"},{"taxonomy":"post_tag","embeddable":true,"href":"https:\/\/haberbesiktas.tr\/index.php?rest_route=%2Fwp%2Fv2%2Ftags&post=56901"}],"curies":[{"name":"wp","href":"https:\/\/api.w.org\/{rel}","templated":true}]}}