{"id":56904,"date":"2026-02-05T11:12:04","date_gmt":"2026-02-05T11:12:04","guid":{"rendered":"https:\/\/haberbesiktas.tr\/?p=56904"},"modified":"2026-02-05T11:12:04","modified_gmt":"2026-02-05T11:12:04","slug":"seriksporda-sinan-pasali-donemi-sona-erdi","status":"publish","type":"post","link":"https:\/\/haberbesiktas.tr\/?p=56904","title":{"rendered":"Serikspor&#8217;da Sinan Pa\u015fal\u0131 d\u00f6nemi sona erdi"},"content":{"rendered":"<div>\n<div>Trendyol 1. Lig tak\u0131mlar\u0131ndan Serikspor, teknik y\u00f6netici Sinan Pa\u015fal\u0131 ile yollar\u0131n\u0131n ayr\u0131ld\u0131\u011f\u0131n\u0131 duyurdu.<\/div>\n<div>\u00a0<\/div>\n<div>Kul\u00fcpten yap\u0131lan a\u00e7\u0131klamada, <strong>&#8220;Zorlu bir s\u00fcre\u00e7te misyon alarak Serikspor&#8217;un menfaatleri do\u011frultusunda sorumluluk \u00fcstlenen, alanda ve saha d\u0131\u015f\u0131nda elinden gelen u\u011fra\u015f\u0131 g\u00f6steren teknik y\u00f6neticimiz Sinan Pa\u015fal\u0131&#8217;ya misyon m\u00fchleti boyunca grubumuza verdi\u011fi katk\u0131lar ve g\u00f6sterdi\u011fi \u00f6zveri i\u00e7in te\u015fekk\u00fcr eder, mesle\u011finin bundan sonraki k\u0131sm\u0131nda muvaffakiyetler dileriz.&#8221;<\/strong> tabirlerine yer verildi.<\/div>\n<div>\u00a0<\/div>\n<div>Ligde son 5 ma\u00e7\u0131n\u0131 kaybeden ye\u015fil-beyazl\u0131 tak\u0131m, Pa\u015fal\u0131 idaresinde \u00e7\u0131kt\u0131\u011f\u0131 m\u00fcsabakalarda 4 galibiyet, 1 beraberlik, 7 yenilgi ya\u015fad\u0131.<\/div>\n<\/p><\/div>\n","protected":false},"excerpt":{"rendered":"<p>Trendyol 1. Lig gruplar\u0131ndan Serikspor, teknik y\u00f6netici Sinan Pa\u015fal\u0131 ile yollar\u0131n\u0131 ay\u0131rd\u0131\u011f\u0131n\u0131 a\u00e7\u0131klad\u0131.<\/p>\n","protected":false},"author":1,"featured_media":56905,"comment_status":"open","ping_status":"open","sticky":false,"template":"","format":"standard","meta":{"footnotes":""},"categories":[25],"tags":[],"class_list":["post-56904","post","type-post","status-publish","format-standard","has-post-thumbnail","hentry","category-futbol"],"_links":{"self":[{"href":"https:\/\/haberbesiktas.tr\/index.php?rest_route=\/wp\/v2\/posts\/56904","targetHints":{"allow":["GET"]}}],"collection":[{"href":"https:\/\/haberbesiktas.tr\/index.php?rest_route=\/wp\/v2\/posts"}],"about":[{"href":"https:\/\/haberbesiktas.tr\/index.php?rest_route=\/wp\/v2\/types\/post"}],"author":[{"embeddable":true,"href":"https:\/\/haberbesiktas.tr\/index.php?rest_route=\/wp\/v2\/users\/1"}],"replies":[{"embeddable":true,"href":"https:\/\/haberbesiktas.tr\/index.php?rest_route=%2Fwp%2Fv2%2Fcomments&post=56904"}],"version-history":[{"count":1,"href":"https:\/\/haberbesiktas.tr\/index.php?rest_route=\/wp\/v2\/posts\/56904\/revisions"}],"predecessor-version":[{"id":56906,"href":"https:\/\/haberbesiktas.tr\/index.php?rest_route=\/wp\/v2\/posts\/56904\/revisions\/56906"}],"wp:featuredmedia":[{"embeddable":true,"href":"https:\/\/haberbesiktas.tr\/index.php?rest_route=\/wp\/v2\/media\/56905"}],"wp:attachment":[{"href":"https:\/\/haberbesiktas.tr\/index.php?rest_route=%2Fwp%2Fv2%2Fmedia&parent=56904"}],"wp:term":[{"taxonomy":"category","embeddable":true,"href":"https:\/\/haberbesiktas.tr\/index.php?rest_route=%2Fwp%2Fv2%2Fcategories&post=56904"},{"taxonomy":"post_tag","embeddable":true,"href":"https:\/\/haberbesiktas.tr\/index.php?rest_route=%2Fwp%2Fv2%2Ftags&post=56904"}],"curies":[{"name":"wp","href":"https:\/\/api.w.org\/{rel}","templated":true}]}}