{"id":56913,"date":"2026-02-05T11:48:08","date_gmt":"2026-02-05T11:48:08","guid":{"rendered":"https:\/\/haberbesiktas.tr\/?p=56913"},"modified":"2026-02-05T11:48:08","modified_gmt":"2026-02-05T11:48:08","slug":"kupada-genclerbirligi-ile-eyupspor-yenisemedi","status":"publish","type":"post","link":"https:\/\/haberbesiktas.tr\/?p=56913","title":{"rendered":"Kupada Gen\u00e7lerbirli\u011fi ile Ey\u00fcpspor yeni\u015femedi"},"content":{"rendered":"<div>\n<div>Ziraat T\u00fcrkiye Kupas\u0131 B K\u00fcmesi 3. ma\u00e7\u0131nda Gen\u00e7lerbirli\u011fi alan\u0131nda Ey\u00fcpspor ile 2-2 berabere kald\u0131.<\/div>\n<div>\u00a0<\/div>\n<div>Eryaman Stadyumu&#8217;nda oynanan ma\u00e7ta konut sahibi grubun gollerini 12. dakikada K\u0131s\u0131m Varesanovic ve 24. dakikada penalt\u0131dan Ensat Kemalo\u011flu kaydetti. Konuk grubun gollerini ise 34. ve 44. dakikalarda Angel Torres att\u0131.<\/div>\n<div>\u00a0<\/div>\n<div>Bu sonu\u00e7la birlikte Gen\u00e7lerbirli\u011fi 7 puan olurken, Ey\u00fcpspor 4 puan oldu.<\/div>\n<div>\u00a0<\/div>\n<div>Kupadaki sonraki ma\u00e7ta Gen\u00e7lerbirli\u011fi, Alia\u011fa&#8217;ya konuk olacak. Ey\u00fcpspor ise Konyaspor&#8217;u a\u011f\u0131rlayacak.<\/div>\n<\/p><\/div>\n","protected":false},"excerpt":{"rendered":"<p>Ziraat T\u00fcrkiye Kupas\u0131 B K\u00fcmesi 3. hafta gayretinde Gen\u00e7lerbirli\u011fi, alan\u0131nda Ey\u00fcpspor ile 2-2 berabere kald\u0131.<\/p>\n","protected":false},"author":1,"featured_media":56914,"comment_status":"open","ping_status":"open","sticky":false,"template":"","format":"standard","meta":{"footnotes":""},"categories":[25],"tags":[],"class_list":["post-56913","post","type-post","status-publish","format-standard","has-post-thumbnail","hentry","category-futbol"],"_links":{"self":[{"href":"https:\/\/haberbesiktas.tr\/index.php?rest_route=\/wp\/v2\/posts\/56913","targetHints":{"allow":["GET"]}}],"collection":[{"href":"https:\/\/haberbesiktas.tr\/index.php?rest_route=\/wp\/v2\/posts"}],"about":[{"href":"https:\/\/haberbesiktas.tr\/index.php?rest_route=\/wp\/v2\/types\/post"}],"author":[{"embeddable":true,"href":"https:\/\/haberbesiktas.tr\/index.php?rest_route=\/wp\/v2\/users\/1"}],"replies":[{"embeddable":true,"href":"https:\/\/haberbesiktas.tr\/index.php?rest_route=%2Fwp%2Fv2%2Fcomments&post=56913"}],"version-history":[{"count":1,"href":"https:\/\/haberbesiktas.tr\/index.php?rest_route=\/wp\/v2\/posts\/56913\/revisions"}],"predecessor-version":[{"id":56915,"href":"https:\/\/haberbesiktas.tr\/index.php?rest_route=\/wp\/v2\/posts\/56913\/revisions\/56915"}],"wp:featuredmedia":[{"embeddable":true,"href":"https:\/\/haberbesiktas.tr\/index.php?rest_route=\/wp\/v2\/media\/56914"}],"wp:attachment":[{"href":"https:\/\/haberbesiktas.tr\/index.php?rest_route=%2Fwp%2Fv2%2Fmedia&parent=56913"}],"wp:term":[{"taxonomy":"category","embeddable":true,"href":"https:\/\/haberbesiktas.tr\/index.php?rest_route=%2Fwp%2Fv2%2Fcategories&post=56913"},{"taxonomy":"post_tag","embeddable":true,"href":"https:\/\/haberbesiktas.tr\/index.php?rest_route=%2Fwp%2Fv2%2Ftags&post=56913"}],"curies":[{"name":"wp","href":"https:\/\/api.w.org\/{rel}","templated":true}]}}