{"id":56929,"date":"2026-02-05T12:48:06","date_gmt":"2026-02-05T12:48:06","guid":{"rendered":"https:\/\/haberbesiktas.tr\/?p=56929"},"modified":"2026-02-05T12:48:06","modified_gmt":"2026-02-05T12:48:06","slug":"ngolo-kante-fenerbahce-icin-istanbulda","status":"publish","type":"post","link":"https:\/\/haberbesiktas.tr\/?p=56929","title":{"rendered":"N&#8217;Golo Kante, Fenerbah\u00e7e i\u00e7in \u0130stanbul&#8217;da"},"content":{"rendered":"<div>Fenerbah\u00e7e, Al Ittihad formas\u0131 giyen N&#8217;Golo Kante transferinde keyifli sona ula\u015ft\u0131.<\/p>\n<p> Sar\u0131-lacivertliler, Frans\u0131z y\u0131ld\u0131zla 2.5 y\u0131ll\u0131k muahede sa\u011flad\u0131. N&#8217;Golo Kante, Fenerbah\u00e7e&#8217;ye transfer s\u00fcrecini tamamlamak i\u00e7in \u00e7ar\u015famba ak\u015fam saat 21.30 sular\u0131nda \u0130stanbul&#8217;a geldi.<\/p>\n<p> <strong>KANTE&#8217;N\u0130N ALACA\u011eI RAKAM<\/strong> <\/p>\n<p> Fenerbah\u00e7e, Frans\u0131z y\u0131ld\u0131z N&#8217;Golo Kante&#8217;nin transferi i\u00e7in KAP a\u00e7\u0131klamas\u0131 yapt\u0131.<\/p>\n<p> Sar\u0131-lacivertliler, 2.5 y\u0131ll\u0131k mukavele imzalad\u0131\u011f\u0131 Kante&#8217;ye 14.4 milyon euro imza fiyat\u0131 verecek. Kante, bu d\u00f6nemin kalan k\u0131sm\u0131nda 5.5 milyon euro fiyat alacak.<\/p>\n<p> Frans\u0131z y\u0131ld\u0131z, kalan iki d\u00f6nemde ise 11 milyon euro y\u0131ll\u0131k fiyat kazanacak.<\/p>\n<p> Fenerbah\u00e7e, Kante transferi kapsam\u0131nda Youssef En-Nesyri&#8217;yi Suudi Arabistan tak\u0131m\u0131 Al-Ittihad&#8217;e g\u00f6nderdi.<\/p>\n<p> Bu mutabakatla Al-Ittihad, Fenerbah\u00e7e&#8217;ye Youssef En-Nesyri i\u00e7in 15 milyon euro bonservis ve N&#8217;Golo Kante&#8217;yi verdi.<\/p>\n<p> <strong>Fenerbah\u00e7e&#8217;nin a\u00e7\u0131klamas\u0131 \u015fu bi\u00e7imde:<\/strong><\/p>\n<p> &#8220;Profesyonel futbolcu N&#8217;Golo Kante&#8217;nin transferi konusunda kul\u00fcb\u00fc Al-Ittihad Club ve kendisi ile mutabakata var\u0131lm\u0131\u015ft\u0131r.<\/p>\n<p> Futbolcuya 14.400.000 Avro fiyat\u0131nda imza paras\u0131 \u00f6denecek olup, ayr\u0131yeten 2025-2026 d\u00f6nemi i\u00e7in 5.500.000 Avro, 2026-2027 ve 2027-2028 futbol d\u00f6nemleri i\u00e7in ise d\u00f6nem ba\u015f\u0131na 11.000.000 Avro fiyat \u00f6denecektir.&#8221;<\/p>\n<\/div>\n","protected":false},"excerpt":{"rendered":"<p>Fenerbah\u00e7e&#8217;nin muahede sa\u011flad\u0131\u011f\u0131 N&#8217;Golo Kante, transfer s\u00fcrecini tamamlamak i\u00e7in \u0130stanbul&#8217;a geldi.<\/p>\n","protected":false},"author":1,"featured_media":56930,"comment_status":"open","ping_status":"open","sticky":false,"template":"","format":"standard","meta":{"footnotes":""},"categories":[25],"tags":[4055,57,48],"class_list":["post-56929","post","type-post","status-publish","format-standard","has-post-thumbnail","hentry","category-futbol","tag-ngolo-kante","tag-sezon","tag-transfer"],"_links":{"self":[{"href":"https:\/\/haberbesiktas.tr\/index.php?rest_route=\/wp\/v2\/posts\/56929","targetHints":{"allow":["GET"]}}],"collection":[{"href":"https:\/\/haberbesiktas.tr\/index.php?rest_route=\/wp\/v2\/posts"}],"about":[{"href":"https:\/\/haberbesiktas.tr\/index.php?rest_route=\/wp\/v2\/types\/post"}],"author":[{"embeddable":true,"href":"https:\/\/haberbesiktas.tr\/index.php?rest_route=\/wp\/v2\/users\/1"}],"replies":[{"embeddable":true,"href":"https:\/\/haberbesiktas.tr\/index.php?rest_route=%2Fwp%2Fv2%2Fcomments&post=56929"}],"version-history":[{"count":1,"href":"https:\/\/haberbesiktas.tr\/index.php?rest_route=\/wp\/v2\/posts\/56929\/revisions"}],"predecessor-version":[{"id":56931,"href":"https:\/\/haberbesiktas.tr\/index.php?rest_route=\/wp\/v2\/posts\/56929\/revisions\/56931"}],"wp:featuredmedia":[{"embeddable":true,"href":"https:\/\/haberbesiktas.tr\/index.php?rest_route=\/wp\/v2\/media\/56930"}],"wp:attachment":[{"href":"https:\/\/haberbesiktas.tr\/index.php?rest_route=%2Fwp%2Fv2%2Fmedia&parent=56929"}],"wp:term":[{"taxonomy":"category","embeddable":true,"href":"https:\/\/haberbesiktas.tr\/index.php?rest_route=%2Fwp%2Fv2%2Fcategories&post=56929"},{"taxonomy":"post_tag","embeddable":true,"href":"https:\/\/haberbesiktas.tr\/index.php?rest_route=%2Fwp%2Fv2%2Ftags&post=56929"}],"curies":[{"name":"wp","href":"https:\/\/api.w.org\/{rel}","templated":true}]}}