{"id":57064,"date":"2026-02-05T21:24:06","date_gmt":"2026-02-05T21:24:06","guid":{"rendered":"https:\/\/haberbesiktas.tr\/?p=57064"},"modified":"2026-02-05T21:24:06","modified_gmt":"2026-02-05T21:24:06","slug":"davis-cupta-milli-takim-slovenyaya-karsi","status":"publish","type":"post","link":"https:\/\/haberbesiktas.tr\/?p=57064","title":{"rendered":"Davis Cup&#8217;ta Milli Tak\u0131m, Slovenya&#8217;ya kar\u015f\u0131"},"content":{"rendered":"<div>\n<div>A Ulusal Erkek Tenis Grubu&#8217;nun, Slovenya ile kar\u015f\u0131la\u015faca\u011f\u0131 Davis Cup D\u00fcnya K\u00fcmesi 1 play-off serisi 6\u015eubat Cuma g\u00fcn\u00fc ba\u015flayacak.<\/div>\n<\/p><\/div>\n<div>\n<div> Slovenya&#8217;n\u0131n Velenje kentindeki Bela Dvorana Tesisleri&#8217;nde oynanacak m\u00fcsabakalar iki g\u00fcn s\u00fcrecek.<\/p>\n<p> Seriyi kazanan grup, D\u00fcnya K\u00fcmesi 1&#8217;e y\u00fckselecek. Kaybeden grup de D\u00fcnya K\u00fcmesi 2&#8217;de \u00e7aba edecek.<\/p>\n<p> Toprak yerde yap\u0131lacak ma\u00e7larda T\u00fcrkiye&#8217;yi, Mert Alkaya, Yank\u0131 Erel, Ergi K\u0131rk\u0131n, Kerem Y\u0131lmaz ve Kaan I\u015f\u0131k Ko\u015faner temsil edecek.<\/p>\n<p> Konut sahibi kadro ise Bor Artnak, Filip Jeff Planinsek, Ziga Sesko ve Sebastian Dominko&#8217;dan olu\u015facak.<\/p><\/div>\n<\/p><\/div>\n","protected":false},"excerpt":{"rendered":"<p>A Ulusal Erkek Tenis Grubu, Davis Cup&#8217;ta Slovenya ile gayret edeck<\/p>\n","protected":false},"author":1,"featured_media":57065,"comment_status":"open","ping_status":"open","sticky":false,"template":"","format":"standard","meta":{"footnotes":""},"categories":[38],"tags":[],"class_list":["post-57064","post","type-post","status-publish","format-standard","has-post-thumbnail","hentry","category-tenis"],"_links":{"self":[{"href":"https:\/\/haberbesiktas.tr\/index.php?rest_route=\/wp\/v2\/posts\/57064","targetHints":{"allow":["GET"]}}],"collection":[{"href":"https:\/\/haberbesiktas.tr\/index.php?rest_route=\/wp\/v2\/posts"}],"about":[{"href":"https:\/\/haberbesiktas.tr\/index.php?rest_route=\/wp\/v2\/types\/post"}],"author":[{"embeddable":true,"href":"https:\/\/haberbesiktas.tr\/index.php?rest_route=\/wp\/v2\/users\/1"}],"replies":[{"embeddable":true,"href":"https:\/\/haberbesiktas.tr\/index.php?rest_route=%2Fwp%2Fv2%2Fcomments&post=57064"}],"version-history":[{"count":1,"href":"https:\/\/haberbesiktas.tr\/index.php?rest_route=\/wp\/v2\/posts\/57064\/revisions"}],"predecessor-version":[{"id":57066,"href":"https:\/\/haberbesiktas.tr\/index.php?rest_route=\/wp\/v2\/posts\/57064\/revisions\/57066"}],"wp:featuredmedia":[{"embeddable":true,"href":"https:\/\/haberbesiktas.tr\/index.php?rest_route=\/wp\/v2\/media\/57065"}],"wp:attachment":[{"href":"https:\/\/haberbesiktas.tr\/index.php?rest_route=%2Fwp%2Fv2%2Fmedia&parent=57064"}],"wp:term":[{"taxonomy":"category","embeddable":true,"href":"https:\/\/haberbesiktas.tr\/index.php?rest_route=%2Fwp%2Fv2%2Fcategories&post=57064"},{"taxonomy":"post_tag","embeddable":true,"href":"https:\/\/haberbesiktas.tr\/index.php?rest_route=%2Fwp%2Fv2%2Ftags&post=57064"}],"curies":[{"name":"wp","href":"https:\/\/api.w.org\/{rel}","templated":true}]}}