{"id":57067,"date":"2026-02-05T21:36:05","date_gmt":"2026-02-05T21:36:05","guid":{"rendered":"https:\/\/haberbesiktas.tr\/?p=57067"},"modified":"2026-02-05T21:36:05","modified_gmt":"2026-02-05T21:36:05","slug":"sevillanin-hayalleri-suya-dustu-youssef-en-nesyri","status":"publish","type":"post","link":"https:\/\/haberbesiktas.tr\/?p=57067","title":{"rendered":"Sevilla&#8217;n\u0131n hayalleri suya d\u00fc\u015ft\u00fc: Youssef En Nesyri"},"content":{"rendered":"<div>\n<p>Fenerbah\u00e7e&#8217;de taraftarla ortas\u0131ndaki ba\u011f b\u00fcsb\u00fct\u00fcn kopan Youssef En-Nesyri, N&#8217;Golo Kante transferinin bir kesimi olarak Al-Ittihad&#8217;a g\u00f6nderildi. <\/p>\n<p>Sar\u0131-lacivertlilerin bu transferden 15 milyon euro bonservis geliri elde etti\u011fi belirtildi.<\/p>\n<p> <em><span><strong>S\u00f6zc\u00fc&#8217;de yer alan habere nazaran;<\/strong> <\/span><\/em>Sevilla&#8217;n\u0131n En-Nesyri&#8217;nin Fenerbah\u00e7e&#8217;ye transferi s\u0131ras\u0131nda yapt\u0131\u011f\u0131 muahede bu sat\u0131\u015fla birlikte bo\u015fa d\u00fc\u015ft\u00fc. \u0130spanyol kul\u00fcb\u00fc, Fasl\u0131 golc\u00fcy\u00fc sar\u0131-lacivertlilere satarken sonraki sat\u0131\u015ftan k\u00e2rdan y\u00fczde 10 hisse unsuru eklemi\u015fti.\u00a0<\/p>\n<p> Lakin Fenerbah\u00e7e&#8217;nin En-Nesyri transferinden kar elde edememesi nedeniyle Sevilla&#8217;ya bu unsur kapsam\u0131nda rastgele bir \u00f6deme yap\u0131lmad\u0131. <\/p>\n<p>Sezon ba\u015f\u0131nda \u0130spanyol bas\u0131n\u0131nda, En-Nesyri&#8217;nin 30 milyon euro band\u0131nda bir bedelle sat\u0131labilece\u011fi ve Sevilla&#8217;n\u0131n bu transferden elde edilecek y\u00fczde 10&#8217;luk hisseye gereksinim duydu\u011fu taraf\u0131nda haberler yer alm\u0131\u015ft\u0131.<\/p>\n<\/div>\n","protected":false},"excerpt":{"rendered":"<p>Fenerbah\u00e7e, Youssef En-Nesyri&#8217;yi Al-Ittihad&#8217;a 15 milyon euroya satt\u0131. Bu sat\u0131\u015f Fasl\u0131 golc\u00fcn\u00fcn eski kul\u00fcb\u00fc Sevilla&#8217;da b\u00fcy\u00fck \u015fok ve hayal k\u0131r\u0131kl\u0131\u011f\u0131yla kar\u015f\u0131land\u0131.<\/p>\n","protected":false},"author":1,"featured_media":57068,"comment_status":"open","ping_status":"open","sticky":false,"template":"","format":"standard","meta":{"footnotes":""},"categories":[25],"tags":[],"class_list":["post-57067","post","type-post","status-publish","format-standard","has-post-thumbnail","hentry","category-futbol"],"_links":{"self":[{"href":"https:\/\/haberbesiktas.tr\/index.php?rest_route=\/wp\/v2\/posts\/57067","targetHints":{"allow":["GET"]}}],"collection":[{"href":"https:\/\/haberbesiktas.tr\/index.php?rest_route=\/wp\/v2\/posts"}],"about":[{"href":"https:\/\/haberbesiktas.tr\/index.php?rest_route=\/wp\/v2\/types\/post"}],"author":[{"embeddable":true,"href":"https:\/\/haberbesiktas.tr\/index.php?rest_route=\/wp\/v2\/users\/1"}],"replies":[{"embeddable":true,"href":"https:\/\/haberbesiktas.tr\/index.php?rest_route=%2Fwp%2Fv2%2Fcomments&post=57067"}],"version-history":[{"count":1,"href":"https:\/\/haberbesiktas.tr\/index.php?rest_route=\/wp\/v2\/posts\/57067\/revisions"}],"predecessor-version":[{"id":57069,"href":"https:\/\/haberbesiktas.tr\/index.php?rest_route=\/wp\/v2\/posts\/57067\/revisions\/57069"}],"wp:featuredmedia":[{"embeddable":true,"href":"https:\/\/haberbesiktas.tr\/index.php?rest_route=\/wp\/v2\/media\/57068"}],"wp:attachment":[{"href":"https:\/\/haberbesiktas.tr\/index.php?rest_route=%2Fwp%2Fv2%2Fmedia&parent=57067"}],"wp:term":[{"taxonomy":"category","embeddable":true,"href":"https:\/\/haberbesiktas.tr\/index.php?rest_route=%2Fwp%2Fv2%2Fcategories&post=57067"},{"taxonomy":"post_tag","embeddable":true,"href":"https:\/\/haberbesiktas.tr\/index.php?rest_route=%2Fwp%2Fv2%2Ftags&post=57067"}],"curies":[{"name":"wp","href":"https:\/\/api.w.org\/{rel}","templated":true}]}}